{"id":22907,"date":"2014-10-17T15:43:19","date_gmt":"2014-10-17T20:43:19","guid":{"rendered":"http:\/\/www.ambiente.gob.ec\/?p=22907"},"modified":"2014-10-17T15:43:19","modified_gmt":"2014-10-17T20:43:19","slug":"mae-rescato-cuatro-especimenes-de-vida-silvestre-en-chimborazo","status":"publish","type":"post","link":"https:\/\/www.ambienteyenergia.gob.ec\/ambiente\/mae-rescato-cuatro-especimenes-de-vida-silvestre-en-chimborazo\/","title":{"rendered":"MAE rescat\u00f3 cuatro espec\u00edmenes de vida silvestre en Chimborazo"},"content":{"rendered":"<p style=\"text-align: justify;\">El Ministerio del Ambiente del Ecuador (MAE) en coordinaci\u00f3n con la Unidad de Protecci\u00f3n del Medio Ambiente (UPMA) de la Polic\u00eda Nacional, rescat\u00f3 un papagayo azul &#8211; amarillo (Ara ararauna), dos\u00a0\u00a0 loros cabeciazul (Pionus menstruus) y un b\u00faho (Strix spp), gracias a la colaboraci\u00f3n de la ciudadan\u00eda de Chimborazo.<\/p>\n<p style=\"text-align: justify;\">\nA trav\u00e9s de un reporte del ECU 911, la Unidad de Patrimonio Natural &#8211; Vida Silvestre del MAE acudi\u00f3 al centro de la ciudad de Riobamba, a constatar la tenencia de un papagayo y dos loros que estaban siendo retenidos como mascotas dom\u00e9sticas en una jaula de la localidad.<\/p>\n<p style=\"text-align: justify;\">\nPor otra parte, el MAE procedi\u00f3 al rescate de un b\u00faho que estaba abandonada en el centro de la ciudad, el ave presentaba un problema en su ala izquierda el cual le imped\u00eda volar.<\/p>\n<p style=\"text-align: justify;\">\nLos espec\u00edmenes de vida silvestre fueron trasladados hasta la Direcci\u00f3n Provincial del Ambiente de Pastaza y entregados en custodia temporal al Centro de Rescate Pastaza Selva Viva, ubicado en el km 9 de la v\u00eda a Puyo \u2013 Tena. Los ejemplares est\u00e1n en proceso de recuperaci\u00f3n, con la finalidad de reintroducirlos en su habitad natural.<\/p>\n<p style=\"text-align: justify;\">\nEl MAE contin\u00faa desarrollando el programa de Educaci\u00f3n Ambiental, a nivel nacional con el prop\u00f3sito de concienciar a la ciudadan\u00eda, adem\u00e1s de temas como la Ley Forestal y de Conservaci\u00f3n de \u00c1reas Naturales y Vida Silvestre para evitar la\u00a0 comercializaci\u00f3n y tenencia ilegal de espec\u00edmenes de vida silvestre.<\/p>\n","protected":false},"excerpt":{"rendered":"<p class=\"excerpt\">El Ministerio del Ambiente del Ecuador (MAE) en coordinaci\u00f3n con la Unidad de Protecci\u00f3n del Medio Ambiente (UPMA) de la Polic\u00eda Nacional, rescat\u00f3 un papagayo azul &#8211; amarillo (Ara ararauna), dos\u00a0\u00a0 loros cabeciazul (Pionus menstruus) y un b\u00faho (Strix spp), gracias a la colaboraci\u00f3n de la ciudadan\u00eda de Chimborazo. A trav\u00e9s de un reporte del ECU 911, la Unidad de&hellip; <a href=\"https:\/\/www.ambienteyenergia.gob.ec\/ambiente\/mae-rescato-cuatro-especimenes-de-vida-silvestre-en-chimborazo\/\">Read more &rarr;<\/a><\/p>\n","protected":false},"author":13,"featured_media":22908,"comment_status":"open","ping_status":"open","sticky":false,"template":"","format":"standard","meta":{"footnotes":""},"categories":[16,4],"tags":[],"class_list":["post-22907","post","type-post","status-publish","format-standard","has-post-thumbnail","hentry","category-comunicamos","category-noticias","xfolkentry"],"_links":{"self":[{"href":"https:\/\/www.ambienteyenergia.gob.ec\/ambiente\/wp-json\/wp\/v2\/posts\/22907","targetHints":{"allow":["GET"]}}],"collection":[{"href":"https:\/\/www.ambienteyenergia.gob.ec\/ambiente\/wp-json\/wp\/v2\/posts"}],"about":[{"href":"https:\/\/www.ambienteyenergia.gob.ec\/ambiente\/wp-json\/wp\/v2\/types\/post"}],"author":[{"embeddable":true,"href":"https:\/\/www.ambienteyenergia.gob.ec\/ambiente\/wp-json\/wp\/v2\/users\/13"}],"replies":[{"embeddable":true,"href":"https:\/\/www.ambienteyenergia.gob.ec\/ambiente\/wp-json\/wp\/v2\/comments?post=22907"}],"version-history":[{"count":0,"href":"https:\/\/www.ambienteyenergia.gob.ec\/ambiente\/wp-json\/wp\/v2\/posts\/22907\/revisions"}],"wp:featuredmedia":[{"embeddable":true,"href":"https:\/\/www.ambienteyenergia.gob.ec\/ambiente\/wp-json\/wp\/v2\/media\/22908"}],"wp:attachment":[{"href":"https:\/\/www.ambienteyenergia.gob.ec\/ambiente\/wp-json\/wp\/v2\/media?parent=22907"}],"wp:term":[{"taxonomy":"category","embeddable":true,"href":"https:\/\/www.ambienteyenergia.gob.ec\/ambiente\/wp-json\/wp\/v2\/categories?post=22907"},{"taxonomy":"post_tag","embeddable":true,"href":"https:\/\/www.ambienteyenergia.gob.ec\/ambiente\/wp-json\/wp\/v2\/tags?post=22907"}],"curies":[{"name":"wp","href":"https:\/\/api.w.org\/{rel}","templated":true}]}}