{"id":22902,"date":"2014-10-17T11:02:56","date_gmt":"2014-10-17T16:02:56","guid":{"rendered":"http:\/\/www.ambiente.gob.ec\/?p=22902"},"modified":"2014-10-17T11:02:56","modified_gmt":"2014-10-17T16:02:56","slug":"ministra-lorena-tapia-realizo-conferencia-con-prensa-internacional-en-corea-del-sur","status":"publish","type":"post","link":"https:\/\/www.ambienteyenergia.gob.ec\/ambiente\/ministra-lorena-tapia-realizo-conferencia-con-prensa-internacional-en-corea-del-sur\/","title":{"rendered":"Ministra Lorena Tapia realiz\u00f3 conferencia con prensa internacional en Corea del Sur"},"content":{"rendered":"<p style=\"text-align: justify;\">La Ministra del Ambiente de Ecuador, Lorena Tapia N\u00fa\u00f1ez, particip\u00f3 en una conferencia de prensa con medios internacionales, en el marco de su participaci\u00f3n en la XII Reuni\u00f3n de la Conferencia de las Partes (COP-12), Convenio sobre Diversidad Biol\u00f3gica que se desarrolla en Corea del Sur, desde el pasado mi\u00e9rcoles.<\/p>\n<p style=\"text-align: justify;\">\nDurante su intervenci\u00f3n, la M\u00e1xima Autoridad Ambiental coment\u00f3 sobre la importancia de los acuerdos y compromisos a los que se lleg\u00f3 en esta cita mundial en materia de protecci\u00f3n y conservaci\u00f3n de la biodiversidad. \u201cDeseo extenderles un caluroso saludo desde Ecuador, un peque\u00f1o pa\u00eds de Sudam\u00e9rica, que debido a su asombrosa riqueza ambiental fue pionero en otorgarle derechos espec\u00edficos a la Naturaleza en su Constituci\u00f3n Pol\u00edtica, hace seis a\u00f1os\u201d, comento Lorena Tapia.<\/p>\n<p style=\"text-align: justify;\">\nEcuador, al contemplar los Derechos de la Naturaleza en su Carta Magna, es pionero a nivel mundial en relaci\u00f3n a conservaci\u00f3n de la naturaleza y b\u00fasqueda de un desarrollo social sostenible, en pro de la Sociedad del Buen Vivir. Destac\u00f3, adem\u00e1s, la creaci\u00f3n del Instituto Nacional de Biodiversidad, con el objetivo de planificar, promover y ejecutar procesos de investigaci\u00f3n orientados a la conservaci\u00f3n y aprovechamiento racional de este recurso estrat\u00e9gico.<\/p>\n<p style=\"text-align: justify;\">\n\u201cComo pa\u00eds signatario reiteramos nuestra posici\u00f3n sobre manejo de la biodiversidad, que busca integrar de una manera transversal, este punto focal en el marco de la sustentabilidad ambiental. Esta acci\u00f3n debe concretarse en los esfuerzos por generar riqueza y bienestar, as\u00ed como en las pol\u00edticas nacionales orientadas a reducir las asimetr\u00edas, que incrementan el riesgo para su conservaci\u00f3n\u201d, enfatiz\u00f3 Tapia.<\/p>\n<p style=\"text-align: justify;\">\nEsta Cartera de Estado ha desarrollado diferentes mecanismos para la conservaci\u00f3n en cumplimiento a las Estrategias Nacionales de Biodiversidad y Planes de Acci\u00f3n (NBSAPS, por sus siglas en ingles), principal instrumento para implementar el convenio de biodiversidad a un nivel nacional y local, con el objetivo de sumar esfuerzos y disminuir brechas de financiamiento mediante una eficiente movilizaci\u00f3n de recursos para la implementaci\u00f3n de estas estrategias.<\/p>\n<p style=\"text-align: justify;\">\nDurante esta cita internacional, Ecuador demostr\u00f3 el gran compromiso pol\u00edtico del Gobierno de la Revoluci\u00f3n Ciudadana que ha demostrado a trav\u00e9s de la generaci\u00f3n y aplicaci\u00f3n de estrategias, planes y proyectos\u00a0 que tienen como objetivo el cuidado del ambiente y uso responsable de los recursos naturales, por un pa\u00eds m\u00e1s verde.<\/p>\n<p style=\"text-align: justify;\">\nPara finalizar su intervenci\u00f3n, la Titular de Ambiente hizo una invitaci\u00f3n oficial a la XI Convenci\u00f3n sobre la Conservaci\u00f3n de Especies Migratorias de Animales Silvestres, que se realizar\u00e1 en Quito, entre el 4 y 9 de noviembre, que contar\u00e1 con la participaci\u00f3n de 700 delegados de m\u00e1s de 117 pa\u00edses, con el objetivo de lograr acuerdos regionales y mundiales sobre conservaci\u00f3n de especies migratorias.<\/p>\n<p style=\"text-align: justify;\">\n\u201cEsta convenci\u00f3n ser\u00e1 una oportunidad \u00fanica para demostrar el liderazgo del Ecuador en la aplicaci\u00f3n estrategias nacionales y convenios internacionales de conservaci\u00f3n, a trav\u00e9s de este tipo de iniciativas que promueven la responsabilidad del Estado de trabajar en un contexto regional y global por el manejo responsable de la biodiversidad\u201d, finaliz\u00f3 la M\u00e1xima Autoridad Ambiental.<\/p>\n","protected":false},"excerpt":{"rendered":"<p class=\"excerpt\">La Ministra del Ambiente de Ecuador, Lorena Tapia N\u00fa\u00f1ez, particip\u00f3 en una conferencia de prensa con medios internacionales, en el marco de su participaci\u00f3n en la XII Reuni\u00f3n de la Conferencia de las Partes (COP-12), Convenio sobre Diversidad Biol\u00f3gica que se desarrolla en Corea del Sur, desde el pasado mi\u00e9rcoles. Durante su intervenci\u00f3n, la M\u00e1xima Autoridad Ambiental coment\u00f3 sobre la&hellip; <a href=\"https:\/\/www.ambienteyenergia.gob.ec\/ambiente\/ministra-lorena-tapia-realizo-conferencia-con-prensa-internacional-en-corea-del-sur\/\">Read more &rarr;<\/a><\/p>\n","protected":false},"author":13,"featured_media":22903,"comment_status":"open","ping_status":"open","sticky":false,"template":"","format":"standard","meta":{"footnotes":""},"categories":[16,4],"tags":[],"class_list":["post-22902","post","type-post","status-publish","format-standard","has-post-thumbnail","hentry","category-comunicamos","category-noticias","xfolkentry"],"_links":{"self":[{"href":"https:\/\/www.ambienteyenergia.gob.ec\/ambiente\/wp-json\/wp\/v2\/posts\/22902","targetHints":{"allow":["GET"]}}],"collection":[{"href":"https:\/\/www.ambienteyenergia.gob.ec\/ambiente\/wp-json\/wp\/v2\/posts"}],"about":[{"href":"https:\/\/www.ambienteyenergia.gob.ec\/ambiente\/wp-json\/wp\/v2\/types\/post"}],"author":[{"embeddable":true,"href":"https:\/\/www.ambienteyenergia.gob.ec\/ambiente\/wp-json\/wp\/v2\/users\/13"}],"replies":[{"embeddable":true,"href":"https:\/\/www.ambienteyenergia.gob.ec\/ambiente\/wp-json\/wp\/v2\/comments?post=22902"}],"version-history":[{"count":0,"href":"https:\/\/www.ambienteyenergia.gob.ec\/ambiente\/wp-json\/wp\/v2\/posts\/22902\/revisions"}],"wp:featuredmedia":[{"embeddable":true,"href":"https:\/\/www.ambienteyenergia.gob.ec\/ambiente\/wp-json\/wp\/v2\/media\/22903"}],"wp:attachment":[{"href":"https:\/\/www.ambienteyenergia.gob.ec\/ambiente\/wp-json\/wp\/v2\/media?parent=22902"}],"wp:term":[{"taxonomy":"category","embeddable":true,"href":"https:\/\/www.ambienteyenergia.gob.ec\/ambiente\/wp-json\/wp\/v2\/categories?post=22902"},{"taxonomy":"post_tag","embeddable":true,"href":"https:\/\/www.ambienteyenergia.gob.ec\/ambiente\/wp-json\/wp\/v2\/tags?post=22902"}],"curies":[{"name":"wp","href":"https:\/\/api.w.org\/{rel}","templated":true}]}}