{"id":22890,"date":"2014-10-16T21:08:33","date_gmt":"2014-10-17T02:08:33","guid":{"rendered":"http:\/\/www.ambiente.gob.ec\/?p=22890"},"modified":"2014-10-16T21:08:33","modified_gmt":"2014-10-17T02:08:33","slug":"mae-participa-en-conversatorio-con-medios-junto-al-presidente-rafael-correa","status":"publish","type":"post","link":"https:\/\/www.ambienteyenergia.gob.ec\/ambiente\/mae-participa-en-conversatorio-con-medios-junto-al-presidente-rafael-correa\/","title":{"rendered":"MAE participa en conversatorio con medios junto al Presidente Rafael Correa"},"content":{"rendered":"<p class=\"Standard\" style=\"text-align: justify;\" align=\"center\">Hoy, la Ministra del Ambiente (s), Lorena S\u00e1nchez acompa\u00f1\u00f3 al Presidente de la Rep\u00fablica, Rafael Correa en el conversatorio con medios de comunicaci\u00f3n en el auditorio del Ministerio del Deporte, con el objetivo de tratar temas de inter\u00e9s Nacional, con la participaci\u00f3n de Autoridades Ministeriales.<\/p>\n<p class=\"Standard\" style=\"text-align: justify;\">El Primer Mandatario en su intervenci\u00f3n se refiri\u00f3 a cerca de los programas en materia ambiental, que el Gobierno Central lleva a cabo a nivel nacional, con el objetivo de luchar contra los efectos del cambio clim\u00e1tico, en el marco del reconocimiento internacional por establecer pol\u00edticas globales que promueven la eficiencia, el desarrollo y el uso de pr\u00e1cticas y tecnolog\u00edas ambientalmente limpias, por parte de la ONU.<\/p>\n<p class=\"Standard\" style=\"text-align: justify;\">\u201cEste tipo de reconocimientos son un orgullo para nuestro pa\u00eds, demostrando una vez m\u00e1s, y en instancias internacionales, que nos encontramos en la senda correcta, que nuestros objetivos son reales; alcanzar la Sociedad del Buen Vivir sin comprometer nuestro recursos naturales y el bienestar de todas y todos los ecuatorianos\u201d, manifest\u00f3 el Presidente Correa.<\/p>\n<p class=\"Standard\" style=\"text-align: justify;\">Ecuador ha implemento diversos proyectos de uso eficiente de energ\u00eda, recursos naturales no renovables y generaci\u00f3n de energ\u00eda por medio de fuentes renovables. Estos proyectos contribuyen de manera significativa a la mitigaci\u00f3n de emisiones de gases de efecto invernadero (GEI) y aseguran la generaci\u00f3n y uso diversificado de la energ\u00eda disponible.<\/p>\n<p class=\"Standard\" style=\"text-align: justify;\">En este sentido, Lorena S\u00e1nchez manifest\u00f3 que el estado ecuatoriano, a trav\u00e9s de la ejecuci\u00f3n del proyecto de cambio de la matriz energ\u00e9tica, busca reducir la emisi\u00f3n de aproximadamente 14,4 millones de toneladas de CO<sup>2<\/sup>, con el objetivo de fortalecer la ejecuci\u00f3n de pol\u00edticas p\u00fablicas en el marco de un desarrollo sostenible.<\/p>\n<p class=\"Standard\" style=\"text-align: justify;\">El Ministerio del Ambiente de Ecuador (MAE) desarrolla proyectos con el objetivo de contribuir de una forma sostenible a la disminuci\u00f3n de los efectos del cambio clim\u00e1tico con la ejecuci\u00f3n de planes de restauraci\u00f3n forestal, descontaminaci\u00f3n de r\u00edos, eliminaci\u00f3n de botaderos a cielo abierto y diversos mecanismos de control a nivel nacional, principalmente de aquellos que son prioritarios para la adecuada rector\u00eda ambiental.<\/p>\n<p class=\"Standard\" style=\"text-align: justify;\">Esta Cartera de Estado tiene como meta para 2017, reforestar 500 mil hect\u00e1reas de bosques nativos a nivel nacional, con el objetivo de contribuir a la protecci\u00f3n de estos ecosistemas, que debido a varios factores han disminuidos dentro de nuestro territorio, afectando no solo a la vida silvestre sino al desarrollo de la poblaci\u00f3n local.<\/p>\n<p class=\"Standard\" style=\"text-align: justify;\">Otro de los hitos en materia ambiental, que se llevan a cabo a nivel nacional, es la eliminaci\u00f3n de botaderos a cielo abierto y la implementaci\u00f3n de rellenos sanitarios, de acuerdo a procedimientos t\u00e9cnicos y ambientales para la protecci\u00f3n de la ciudadan\u00eda y el cuidado del ambiente.<\/p>\n<p class=\"Standard\" style=\"text-align: justify;\">El MAE, como m\u00e1xima autoridad ambiental ha desarrollado proyectos de gesti\u00f3n ambiental en el marco del desarrollo del Buen Vivir, en el marco del cambio de la matriz productiva y energ\u00e9tica nacional, con el af\u00e1n de contribuir a la protecci\u00f3n y conservaci\u00f3n del patrimonio natural.<\/p>\n","protected":false},"excerpt":{"rendered":"<p class=\"excerpt\">Hoy, la Ministra del Ambiente (s), Lorena S\u00e1nchez acompa\u00f1\u00f3 al Presidente de la Rep\u00fablica, Rafael Correa en el conversatorio con medios de comunicaci\u00f3n en el auditorio del Ministerio del Deporte, con el objetivo de tratar temas de inter\u00e9s Nacional, con la participaci\u00f3n de Autoridades Ministeriales. El Primer Mandatario en su intervenci\u00f3n se refiri\u00f3 a cerca de los programas en materia&hellip; <a href=\"https:\/\/www.ambienteyenergia.gob.ec\/ambiente\/mae-participa-en-conversatorio-con-medios-junto-al-presidente-rafael-correa\/\">Read more &rarr;<\/a><\/p>\n","protected":false},"author":13,"featured_media":22891,"comment_status":"open","ping_status":"open","sticky":false,"template":"","format":"standard","meta":{"footnotes":""},"categories":[16,4],"tags":[133,387],"class_list":["post-22890","post","type-post","status-publish","format-standard","has-post-thumbnail","hentry","category-comunicamos","category-noticias","tag-cambio-climatico","tag-mae-lorena-tapia","xfolkentry"],"_links":{"self":[{"href":"https:\/\/www.ambienteyenergia.gob.ec\/ambiente\/wp-json\/wp\/v2\/posts\/22890","targetHints":{"allow":["GET"]}}],"collection":[{"href":"https:\/\/www.ambienteyenergia.gob.ec\/ambiente\/wp-json\/wp\/v2\/posts"}],"about":[{"href":"https:\/\/www.ambienteyenergia.gob.ec\/ambiente\/wp-json\/wp\/v2\/types\/post"}],"author":[{"embeddable":true,"href":"https:\/\/www.ambienteyenergia.gob.ec\/ambiente\/wp-json\/wp\/v2\/users\/13"}],"replies":[{"embeddable":true,"href":"https:\/\/www.ambienteyenergia.gob.ec\/ambiente\/wp-json\/wp\/v2\/comments?post=22890"}],"version-history":[{"count":0,"href":"https:\/\/www.ambienteyenergia.gob.ec\/ambiente\/wp-json\/wp\/v2\/posts\/22890\/revisions"}],"wp:featuredmedia":[{"embeddable":true,"href":"https:\/\/www.ambienteyenergia.gob.ec\/ambiente\/wp-json\/wp\/v2\/media\/22891"}],"wp:attachment":[{"href":"https:\/\/www.ambienteyenergia.gob.ec\/ambiente\/wp-json\/wp\/v2\/media?parent=22890"}],"wp:term":[{"taxonomy":"category","embeddable":true,"href":"https:\/\/www.ambienteyenergia.gob.ec\/ambiente\/wp-json\/wp\/v2\/categories?post=22890"},{"taxonomy":"post_tag","embeddable":true,"href":"https:\/\/www.ambienteyenergia.gob.ec\/ambiente\/wp-json\/wp\/v2\/tags?post=22890"}],"curies":[{"name":"wp","href":"https:\/\/api.w.org\/{rel}","templated":true}]}}