{"id":22887,"date":"2014-10-16T16:56:25","date_gmt":"2014-10-16T21:56:25","guid":{"rendered":"http:\/\/www.ambiente.gob.ec\/?p=22887"},"modified":"2014-10-16T16:56:25","modified_gmt":"2014-10-16T21:56:25","slug":"ministra-tapia-participo-en-reuniones-bilaterales-con-representantes-de-brasil-y-corea-en-cop-12","status":"publish","type":"post","link":"https:\/\/www.ambienteyenergia.gob.ec\/ambiente\/ministra-tapia-participo-en-reuniones-bilaterales-con-representantes-de-brasil-y-corea-en-cop-12\/","title":{"rendered":"Ministra Tapia particip\u00f3 en reuniones Bilaterales con representantes de Brasil y Corea en COP-12"},"content":{"rendered":"<p style=\"text-align: justify;\">Para complementar las jornadas de sesiones en el marco de la XII Reuni\u00f3n de la Conferencia de las Partes (COP-12), en el Convenio sobre Diversidad Biol\u00f3gica (CBD), la Ministra del Ambiente del Ecuador, Lorena Tapia, se reuni\u00f3 con Francisco Gaetani, Viceministro de Ambiente de Brasil, y Donguk Han, Director de Investigaci\u00f3n Ecol\u00f3gica del Instituto Nacional de Ecolog\u00eda de Corea.<\/p>\n<p style=\"text-align: justify;\">Donguk Han y \u00a0la Ministra Tapia hablaron sobre las posibles l\u00edneas de cooperaci\u00f3n con el Instituto Nacional de Biodiversidad del Ecuador, temas de monitoreo del patrimonio natural y restauraci\u00f3n ecol\u00f3gica, entre otros.<\/p>\n<p>Durante su reuni\u00f3n con Gaetani, la Ministra Tapia, extendi\u00f3 una invitaci\u00f3n del Gobierno del Ecuador al Gobierno de Brasil para asistir a la XI Convenci\u00f3n sobre Especies Migratorias que se realizar\u00e1 en el pa\u00eds, entre el 04 y 09 de noviembre de 2014. Aclar\u00f3 que es la primera vez que una conferencia de esta naturaleza se realiza en nuestra regi\u00f3n y por tanto la importancia de contar con su participaci\u00f3n.<\/p>\n<p style=\"text-align: justify;\">Asimismo, la M\u00e1xima Autoridad Ambiental ecuatoriana coment\u00f3 sobre la exitosa experiencia del Ecuador al permitir que el acceso a las \u00e1reas protegidas sea gratuito, lo cual ha generado un 400% de incremento en las visitas a nivel nacional.<\/p>\n<p style=\"text-align: justify;\">Adem\u00e1s, explic\u00f3 sobre la importancia de los servicios comunitarios y que la empresa privada contrate a empresas locales. En este sentido, inform\u00f3 que se busca proveer seguridad a la inversi\u00f3n y esto se logra a trav\u00e9s del cambio de la matriz productiva.<\/p>\n<p>Asimismo, la M\u00e1xima Autoridad Ambiental del Ecuador se reuni\u00f3 con \u00a0Alejandro Lagos, Especialista en Recursos Gen\u00e9ticos y ABS de la UNESCO, con qui\u00e9n trat\u00f3 sobre la ratificaci\u00f3n del Protocolo de Nagoya. La Ministra afirm\u00f3 que \u201ces una pena haber llegado a esta COP sin la ratificaci\u00f3n del Protocolo\u201d. Sin embargo, recalc\u00f3 que a su llegada al Ecuador tiene prevista una reuni\u00f3n con los representantes de la Funci\u00f3n Legislativa con el fin de tener una respuesta favorable.<\/p>\n<p style=\"text-align: justify;\">\n\u201cDebemos trabajar en la destrucci\u00f3n de mitos sobre la tem\u00e1tica, as\u00ed como cierto desconocimiento de algunos sectores de la poblaci\u00f3n especialmente en el tema de acceso justo y equitativo. El Ecuador debe estar consciente que al ratificar el Protocolo, tambi\u00e9n se dar\u00e1 fuerza al Pacto Andino\u201d, se\u00f1al\u00f3.\n<\/p>\n<p style=\"text-align: justify;\">Agreg\u00f3 que para el Ecuador es el momento preciso para ratificarlo debido al cambio de reforma de la matriz productiva, adem\u00e1s, el el contrato de recursos gen\u00e9ticos con la Universidad de Yale, un hecho hist\u00f3rico para el pa\u00eds.<\/p>\n","protected":false},"excerpt":{"rendered":"<p class=\"excerpt\">Para complementar las jornadas de sesiones en el marco de la XII Reuni\u00f3n de la Conferencia de las Partes (COP-12), en el Convenio sobre Diversidad Biol\u00f3gica (CBD), la Ministra del Ambiente del Ecuador, Lorena Tapia, se reuni\u00f3 con Francisco Gaetani, Viceministro de Ambiente de Brasil, y Donguk Han, Director de Investigaci\u00f3n Ecol\u00f3gica del Instituto Nacional de Ecolog\u00eda de Corea. Donguk&hellip; <a href=\"https:\/\/www.ambienteyenergia.gob.ec\/ambiente\/ministra-tapia-participo-en-reuniones-bilaterales-con-representantes-de-brasil-y-corea-en-cop-12\/\">Read more &rarr;<\/a><\/p>\n","protected":false},"author":13,"featured_media":22884,"comment_status":"open","ping_status":"open","sticky":false,"template":"","format":"standard","meta":{"footnotes":""},"categories":[16,4],"tags":[],"class_list":["post-22887","post","type-post","status-publish","format-standard","has-post-thumbnail","hentry","category-comunicamos","category-noticias","xfolkentry"],"_links":{"self":[{"href":"https:\/\/www.ambienteyenergia.gob.ec\/ambiente\/wp-json\/wp\/v2\/posts\/22887","targetHints":{"allow":["GET"]}}],"collection":[{"href":"https:\/\/www.ambienteyenergia.gob.ec\/ambiente\/wp-json\/wp\/v2\/posts"}],"about":[{"href":"https:\/\/www.ambienteyenergia.gob.ec\/ambiente\/wp-json\/wp\/v2\/types\/post"}],"author":[{"embeddable":true,"href":"https:\/\/www.ambienteyenergia.gob.ec\/ambiente\/wp-json\/wp\/v2\/users\/13"}],"replies":[{"embeddable":true,"href":"https:\/\/www.ambienteyenergia.gob.ec\/ambiente\/wp-json\/wp\/v2\/comments?post=22887"}],"version-history":[{"count":0,"href":"https:\/\/www.ambienteyenergia.gob.ec\/ambiente\/wp-json\/wp\/v2\/posts\/22887\/revisions"}],"wp:featuredmedia":[{"embeddable":true,"href":"https:\/\/www.ambienteyenergia.gob.ec\/ambiente\/wp-json\/wp\/v2\/media\/22884"}],"wp:attachment":[{"href":"https:\/\/www.ambienteyenergia.gob.ec\/ambiente\/wp-json\/wp\/v2\/media?parent=22887"}],"wp:term":[{"taxonomy":"category","embeddable":true,"href":"https:\/\/www.ambienteyenergia.gob.ec\/ambiente\/wp-json\/wp\/v2\/categories?post=22887"},{"taxonomy":"post_tag","embeddable":true,"href":"https:\/\/www.ambienteyenergia.gob.ec\/ambiente\/wp-json\/wp\/v2\/tags?post=22887"}],"curies":[{"name":"wp","href":"https:\/\/api.w.org\/{rel}","templated":true}]}}