{"id":22882,"date":"2014-10-16T16:47:12","date_gmt":"2014-10-16T21:47:12","guid":{"rendered":"http:\/\/www.ambiente.gob.ec\/?p=22882"},"modified":"2014-10-16T16:47:12","modified_gmt":"2014-10-16T21:47:12","slug":"ministra-tapia-participo-en-sesiones-de-alto-nivel-cop-12-convenio-sobre-diversidad-biologica","status":"publish","type":"post","link":"https:\/\/www.ambienteyenergia.gob.ec\/ambiente\/ministra-tapia-participo-en-sesiones-de-alto-nivel-cop-12-convenio-sobre-diversidad-biologica\/","title":{"rendered":"Ministra Tapia particip\u00f3 en Sesiones de alto nivel COP-12, Convenio sobre Diversidad Biol\u00f3gica"},"content":{"rendered":"<p style=\"text-align: justify;\">Hoy, en el marco de la XII Reuni\u00f3n de la Conferencia de las Partes (COP-12), en el Convenio sobre Diversidad Biol\u00f3gica (CBD), celebrada en Pyeongchang, Corea del Sur, la Ministra del Ambiente del Ecuador, Lorena Tapia, como jefa de delegaci\u00f3n, intervino en el \u00a0panel de discusi\u00f3n \u00a0\u201cBiodiversidad y Econom\u00eda Creativa\u201d.<\/p>\n<p>\u201cEl mundo enfrenta varios desaf\u00edos a nivel global. Entre ellos la proyecci\u00f3n del crecimiento de la poblaci\u00f3n mundial, la misma que se espera que tenga mayor capacidad adquisitiva y por ende un crecimiento en la demanda de bienes y servicios que ocasionar\u00edan mayor presi\u00f3n ambiental en el planeta. En esa l\u00ednea, el desaf\u00edo es generar mecanismos para lograr un desarrollo m\u00e1s sustentable, tomando en cuenta adem\u00e1s los posibles impactos del cambio clim\u00e1tico\u201d, se\u00f1al\u00f3 la Ministra Tapia en su intervenci\u00f3n.<\/p>\n<p>En ese sentido resalt\u00f3 que Ecuador cuenta con un Plan de Desarrollo (Plan Nacional del Buen Vivir &#8211; PNBV) alineado con las tendencias emergentes para desarrollar un sistema o sistemas econ\u00f3micos que superen los l\u00edmites estructurales del mercado y el capital.<\/p>\n<p>\u201cLa promoci\u00f3n del sistema de econom\u00eda social y solidaria y el reconocimiento de los derechos de la naturaleza, son claros pasos hacia una econom\u00eda ecol\u00f3gica que vislumbra oportunidades para todos los actores de la sociedad porque hace visible la contribuci\u00f3n econ\u00f3mica de los servicios ambientales, as\u00ed como los valores del uso sostenible de la naturaleza, y los m\u00faltiples beneficios a mediano o largo plazo para la conservaci\u00f3n de la biodiversidad\u201d, recalc\u00f3.<\/p>\n<p>Ministra destac\u00f3 hitos de su gesti\u00f3n en sesi\u00f3n \u201cPaz y Biodiversidad\u201d<\/p>\n<p>Asimismo, particip\u00f3 en la Sesi\u00f3n \u201cPaz y Biodiversidad\u201d, en la que expuso su experiencia en el tema, junto con representantes de la delegaci\u00f3n peruana. Al respecto, la M\u00e1xima Autoridad Ambiental se\u00f1al\u00f3 que desde la visi\u00f3n y experiencia del Ecuador, la creaci\u00f3n de \u00e1reas de importancia ecol\u00f3gica ubicadas en las zonas de frontera \u00a0debe \u00a0estar \u00a0sustentada sobre la base de inter\u00e9s mutuo entre los pa\u00edses que permita acogerse a los tratados internacionales y que fomente la ejecuci\u00f3n de acciones sustentadas en un plan de manejo integral.<\/p>\n<p>\u201cEste Plan debe considerar el desarrollo de programas encaminados a la conservaci\u00f3n, uso sostenible y distribuci\u00f3n justa y equitativa de los beneficios provenientes de la biodiversidad, de tal forma que las \u00e1reas protegidas y la biodiversidad contribuyan a disminuir la pobreza existente en las poblaciones que habitan dentro de dichas \u00e1reas y sus zonas contiguas\u201d, explic\u00f3.<\/p>\n<p>Participaci\u00f3n en sesi\u00f3n \u201cIntegrando Estrategias de planes de acci\u00f3n Nacionales de Biodiversidad en el desarrollo nacional\u201d<\/p>\n<p>Las sesiones de alto nivel concluyeron con el evento de clausura en el que la Ministra Tapia intervino dando un resumen sobre el tema \u201cIntegrando las Estrategias de los planes de acci\u00f3n Nacionales de Biodiversidad en el desarrollo nacional y local, en las Estrategias de Erradicaci\u00f3n de la pobreza y en los procesos de planificaci\u00f3n\u201d.<\/p>\n<p>Sobre esta tem\u00e1tica, la Titular de Ambiente inform\u00f3 \u00a0que \u00a0una experiencia exitosa relacionada con la incorporaci\u00f3n de la biodiversidad a nivel nacional en los procesos de planificaci\u00f3n, la Constituci\u00f3n de la Rep\u00fablica del Ecuador ubic\u00f3 a las funciones de planificaci\u00f3n en el centro de la construcci\u00f3n del nuevo r\u00e9gimen del desarrollo y del Buen Vivir. \u00a0Para ello, establece la obligatoriedad de constituir un \u201csistema descentralizado de planificaci\u00f3n participativa\u201d, que fija los grandes lineamientos del desarrollo nacional y las prioridades del presupuesto y la inversi\u00f3n p\u00fablica.<br \/>\nAdem\u00e1s, resalt\u00f3 que \u201cincluso antes de la adopci\u00f3n de la Meta 17 de Aichi, la biodiversidad ya es parte esencial de esos lineamientos de planificaci\u00f3n derivados del nuevo marco constitucional, integr\u00e1ndose de manera transversal bajo el enfoque de sustentabilidad ambiental; y de manera sectorial como parte de los sectores estrat\u00e9gicos del Estado\u201d.<\/p>\n<p>\u201cCon el objeto de implementar de manera m\u00e1s efectiva esta Estrategia Nacional y las dem\u00e1s obligaciones del Estado sobre la conservaci\u00f3n de la biodiversidad nuestro Gobierno cre\u00f3 en febrero del presente a\u00f1o, el Instituto Nacional de Biodiversidad, con el objetivo de planificar, promover, coordinar y ejecutar procesos de investigaci\u00f3n relacionados al campo de la biodiversidad, orientados a la conservaci\u00f3n y aprovechamiento racional de este recurso y sector estrat\u00e9gico\u201d, explic\u00f3.<\/p>\n<p>Para finalizar recalc\u00f3 que \u201cla biodiversidad \u00a0debe, por lo tanto, integrarse de manera activa en los esfuerzos nacionales y locales por generar riqueza y bienestar, as\u00ed como en las pol\u00edticas nacionales orientadas a reducir las asimetr\u00edas que incrementan el riesgo sobre su conservaci\u00f3n\u201d.<\/p>\n","protected":false},"excerpt":{"rendered":"<p class=\"excerpt\">Hoy, en el marco de la XII Reuni\u00f3n de la Conferencia de las Partes (COP-12), en el Convenio sobre Diversidad Biol\u00f3gica (CBD), celebrada en Pyeongchang, Corea del Sur, la Ministra del Ambiente del Ecuador, Lorena Tapia, como jefa de delegaci\u00f3n, intervino en el \u00a0panel de discusi\u00f3n \u00a0\u201cBiodiversidad y Econom\u00eda Creativa\u201d. \u201cEl mundo enfrenta varios desaf\u00edos a nivel global. Entre ellos&hellip; <a href=\"https:\/\/www.ambienteyenergia.gob.ec\/ambiente\/ministra-tapia-participo-en-sesiones-de-alto-nivel-cop-12-convenio-sobre-diversidad-biologica\/\">Read more &rarr;<\/a><\/p>\n","protected":false},"author":13,"featured_media":22752,"comment_status":"open","ping_status":"open","sticky":false,"template":"","format":"standard","meta":{"footnotes":""},"categories":[16,4],"tags":[],"class_list":["post-22882","post","type-post","status-publish","format-standard","has-post-thumbnail","hentry","category-comunicamos","category-noticias","xfolkentry"],"_links":{"self":[{"href":"https:\/\/www.ambienteyenergia.gob.ec\/ambiente\/wp-json\/wp\/v2\/posts\/22882","targetHints":{"allow":["GET"]}}],"collection":[{"href":"https:\/\/www.ambienteyenergia.gob.ec\/ambiente\/wp-json\/wp\/v2\/posts"}],"about":[{"href":"https:\/\/www.ambienteyenergia.gob.ec\/ambiente\/wp-json\/wp\/v2\/types\/post"}],"author":[{"embeddable":true,"href":"https:\/\/www.ambienteyenergia.gob.ec\/ambiente\/wp-json\/wp\/v2\/users\/13"}],"replies":[{"embeddable":true,"href":"https:\/\/www.ambienteyenergia.gob.ec\/ambiente\/wp-json\/wp\/v2\/comments?post=22882"}],"version-history":[{"count":0,"href":"https:\/\/www.ambienteyenergia.gob.ec\/ambiente\/wp-json\/wp\/v2\/posts\/22882\/revisions"}],"wp:featuredmedia":[{"embeddable":true,"href":"https:\/\/www.ambienteyenergia.gob.ec\/ambiente\/wp-json\/wp\/v2\/media\/22752"}],"wp:attachment":[{"href":"https:\/\/www.ambienteyenergia.gob.ec\/ambiente\/wp-json\/wp\/v2\/media?parent=22882"}],"wp:term":[{"taxonomy":"category","embeddable":true,"href":"https:\/\/www.ambienteyenergia.gob.ec\/ambiente\/wp-json\/wp\/v2\/categories?post=22882"},{"taxonomy":"post_tag","embeddable":true,"href":"https:\/\/www.ambienteyenergia.gob.ec\/ambiente\/wp-json\/wp\/v2\/tags?post=22882"}],"curies":[{"name":"wp","href":"https:\/\/api.w.org\/{rel}","templated":true}]}}