{"id":22846,"date":"2014-10-16T12:28:43","date_gmt":"2014-10-16T17:28:43","guid":{"rendered":"http:\/\/www.ambiente.gob.ec\/?p=22846"},"modified":"2014-10-16T13:43:18","modified_gmt":"2014-10-16T18:43:18","slug":"mae-cierra-ductos-que-desfogan-en-el-estero-salado","status":"publish","type":"post","link":"https:\/\/www.ambienteyenergia.gob.ec\/ambiente\/mae-cierra-ductos-que-desfogan-en-el-estero-salado\/","title":{"rendered":"MAE cierra ductos que desfogan en el Estero Salado"},"content":{"rendered":"<p style=\"text-align: justify;\">Hoy, el Ministerio del Ambiente (MAE) llev\u00f3 a cabo un operativo que permiti\u00f3 sellar cuatro\u00a0ductos ilegales que vert\u00edan aguas servidas directamente al Estero Salado de Guayaquil, contaminando el afluente.<\/p>\n<p style=\"text-align: justify;\">Dos ductos est\u00e1n ubicados en la parte posterior de Coral Hipermercado, asentado en la Av. Carlos Julio Arosemena, colindante con el estuario, al que se presume pertenece el tubo por salir directamente de la infraestructura.<\/p>\n<p style=\"text-align: justify;\">En este caso, al poder identificar un presunto responsable, explic\u00f3 Eli\u00e9cer Cruz, Subsecretario de Gesti\u00f3n Marina y Costera (SGMC), se iniciar\u00e1 un sumario administrativo en la Direcci\u00f3n Provincial de Ambiente de Guayas.<\/p>\n<p style=\"text-align: justify;\">Simult\u00e1neamente se present\u00f3 una denuncia ante la Fiscal\u00eda, por lo cual asisti\u00f3 al reconocimiento del delito Franklin Torres Ronquillo, Fiscal de Flagrancia, para que proceda con las investigaciones como un posible delito ambiental en el que incurrir\u00edan los implicados.<\/p>\n<p style=\"text-align: justify;\">Torres evidenci\u00f3 el ducto y la salida de aguas residuales, por lo cual se dirigi\u00f3 hasta el supermercado para informar a los directivos del inicio del proceso. Luis Pe\u00f1aloza, Subgerente de Coral Hipermercado, dijo desconocer el hecho y que pondr\u00e1 en aviso a sus jefes.<\/p>\n<p style=\"text-align: justify;\">Antes de condenar el desfogue con bloques y cemento, se tomaron muestras de las aguas que vert\u00edan para establecer el grado de contaminaci\u00f3n que afecta al espejo de agua. \u201cNuestra obligaci\u00f3n es cerrarlos (ductos) porque tenemos que resolver el problema de contaminaci\u00f3n que est\u00e1 afectando al Estero, directamente\u201d, sentenci\u00f3 el Subsecretario.<\/p>\n<p style=\"text-align: justify;\">Con esta actividad se completan 17 ductos sellados en el transcurso de esta semana y se continuar\u00e1 con la clausura de otros 67\u00a0tubos identificados por los t\u00e9cnicos del Proyecto Guayaquil Ecol\u00f3gico, en los ramales Miraflores-Urdesa y Kennedy-Urdesa, dijo el titular de la SGMC.<\/p>\n<p style=\"text-align: justify;\">Previamente se efectuaron inspecciones a los sectores: Urdesa, Miraflores, Las Garzas, Kennedy Norte y Urdenor, para determinar la ubicaci\u00f3n de las tuber\u00edas que descargan aguas negras contaminantes. Asimismo, se contrast\u00f3 la informaci\u00f3n con la concesionaria Interagua y la Municipalidad de Guayaquil, para identificar los ductos legales de aguas lluvias de los ilegales.<\/p>\n<p style=\"text-align: justify;\">El Subsecretario record\u00f3 que la ciudadan\u00eda tiene la responsabilidad de conectarse a la red de alcantarillado p\u00fablico y en el caso de empresas, incluso, contar con una planta de tratamiento de aguas residuales para que estas sean inocuas.<\/p>\n<p style=\"text-align: justify;\">No obstante, manifest\u00f3 que el MAE vigila el trabajo que realiza Interagua para que se efect\u00faen las conexiones al alcantarillado sanitario en los sectores colindantes al Estero, evitando as\u00ed que esto sea una fuente de contaminaci\u00f3n de esta \u00e1rea protegida.<\/p>\n<p style=\"text-align: justify;\">El MAE continuar\u00e1 con el proceso de control para sancionar a quien o quienes contaminen el estero, porque solo con acciones inmediatas y la colaboraci\u00f3n ciudadana se lograr\u00e1 recuperar este importante brazo de mar de Guayaquil.<\/p>\n<p style=\"text-align: justify;\">Sanciones previas<\/p>\n<p style=\"text-align: justify;\">En el 2012 el MAE monitore\u00f3 y analiz\u00f3 las descargas dom\u00e9sticas e industriales, a trav\u00e9s de una consultor\u00eda. Tras el debido proceso administrativo se sancion\u00f3 a las empresas que persistieron con la contaminaci\u00f3n.<\/p>\n<p style=\"text-align: justify;\">La Direcci\u00f3n Provincial del Ambiente del Guayas ha seguido 123 Procesos Administrativos contra empresas, las cuales han presentado planes de remediaci\u00f3n para mejorar la calidad de agua que descargan en los canales de aguas lluvias que finalmente vierten en el Estero Salado.<\/p>\n<p style=\"text-align: justify;\">Acciones de recuperaci\u00f3n<\/p>\n<p style=\"text-align: justify;\">En el Estero Palanqueado, se elimin\u00f3 el estrangulamiento al retirar 10 000 metros c\u00fabicos de sedimentos contaminados que imped\u00edan el flujo normal de agua. Adem\u00e1s se extrajeron 5 000 metros c\u00fabicos de sedimentos contaminados de la cabecera del Estero<\/p>\n<p style=\"text-align: justify;\">Durante estas labores se identificaron dos ductos de aguas lluvias de los cuales salen aguas servidas, con lo cual se ha solicitado a Interagua que ejecute las conexiones al alcantarillado sanitario en esta zona y eliminar este foco de contaminaci\u00f3n.<\/p>\n<p style=\"text-align: justify;\">En el agua y sedimento del Estero Salado se ha identificado la existencia de residuos de metales pesados como cadmio, plomo y mercurio, los que afectan a la salud humana y de las especies que ah\u00ed habitan.<\/p>\n<p style=\"text-align: justify;\">Para proseguir con la recuperaci\u00f3n del estero se analiza la factibilidad de continuar con la eliminaci\u00f3n de estrangulamientos, seguir con la reforestaci\u00f3n de manglar y se prueban metodolog\u00edas de remediaci\u00f3n de agua y lodos, tanto con una empresa nacional y una francesa, acompa\u00f1ado de campa\u00f1as de educaci\u00f3n ambiental a los moradores del sector.<\/p>\n","protected":false},"excerpt":{"rendered":"<p class=\"excerpt\">Hoy, el Ministerio del Ambiente (MAE) llev\u00f3 a cabo un operativo que permiti\u00f3 sellar cuatro\u00a0ductos ilegales que vert\u00edan aguas servidas directamente al Estero Salado de Guayaquil, contaminando el afluente. Dos ductos est\u00e1n ubicados en la parte posterior de Coral Hipermercado, asentado en la Av. Carlos Julio Arosemena, colindante con el estuario, al que se presume pertenece el tubo por salir&hellip; <a href=\"https:\/\/www.ambienteyenergia.gob.ec\/ambiente\/mae-cierra-ductos-que-desfogan-en-el-estero-salado\/\">Read more &rarr;<\/a><\/p>\n","protected":false},"author":13,"featured_media":22847,"comment_status":"open","ping_status":"open","sticky":false,"template":"","format":"standard","meta":{"footnotes":""},"categories":[16,4],"tags":[],"class_list":["post-22846","post","type-post","status-publish","format-standard","has-post-thumbnail","hentry","category-comunicamos","category-noticias","xfolkentry"],"_links":{"self":[{"href":"https:\/\/www.ambienteyenergia.gob.ec\/ambiente\/wp-json\/wp\/v2\/posts\/22846","targetHints":{"allow":["GET"]}}],"collection":[{"href":"https:\/\/www.ambienteyenergia.gob.ec\/ambiente\/wp-json\/wp\/v2\/posts"}],"about":[{"href":"https:\/\/www.ambienteyenergia.gob.ec\/ambiente\/wp-json\/wp\/v2\/types\/post"}],"author":[{"embeddable":true,"href":"https:\/\/www.ambienteyenergia.gob.ec\/ambiente\/wp-json\/wp\/v2\/users\/13"}],"replies":[{"embeddable":true,"href":"https:\/\/www.ambienteyenergia.gob.ec\/ambiente\/wp-json\/wp\/v2\/comments?post=22846"}],"version-history":[{"count":0,"href":"https:\/\/www.ambienteyenergia.gob.ec\/ambiente\/wp-json\/wp\/v2\/posts\/22846\/revisions"}],"wp:featuredmedia":[{"embeddable":true,"href":"https:\/\/www.ambienteyenergia.gob.ec\/ambiente\/wp-json\/wp\/v2\/media\/22847"}],"wp:attachment":[{"href":"https:\/\/www.ambienteyenergia.gob.ec\/ambiente\/wp-json\/wp\/v2\/media?parent=22846"}],"wp:term":[{"taxonomy":"category","embeddable":true,"href":"https:\/\/www.ambienteyenergia.gob.ec\/ambiente\/wp-json\/wp\/v2\/categories?post=22846"},{"taxonomy":"post_tag","embeddable":true,"href":"https:\/\/www.ambienteyenergia.gob.ec\/ambiente\/wp-json\/wp\/v2\/tags?post=22846"}],"curies":[{"name":"wp","href":"https:\/\/api.w.org\/{rel}","templated":true}]}}