{"id":22839,"date":"2014-10-15T22:21:57","date_gmt":"2014-10-16T03:21:57","guid":{"rendered":"http:\/\/www.ambiente.gob.ec\/?p=22839"},"modified":"2014-10-16T11:36:20","modified_gmt":"2014-10-16T16:36:20","slug":"ministra-tapia-participa-en-xii-reunion-de-la-conferencia-de-las-partes-cop-12-convenio-sobre-diversidad-biologica","status":"publish","type":"post","link":"https:\/\/www.ambienteyenergia.gob.ec\/ambiente\/ministra-tapia-participa-en-xii-reunion-de-la-conferencia-de-las-partes-cop-12-convenio-sobre-diversidad-biologica\/","title":{"rendered":"Ministra Tapia participa en XII Reuni\u00f3n de la Conferencia de las Partes (COP-12), Convenio sobre Diversidad Biol\u00f3gica"},"content":{"rendered":"<p style=\"text-align: justify;\">La Ministra del Ambiente del Ecuador, Lorena Tapia, junto con la delegaci\u00f3n ecuatoriana, particip\u00f3 en la XII Reuni\u00f3n de la Conferencia de las Partes (COP-12), en el Convenio sobre Diversidad Biol\u00f3gica (CBD), realizada en Pyeongchang, Corea del Sur; con el objetivo de establecer un espacio para la deliberaci\u00f3n de cuestiones relacionadas con diversidad biol\u00f3gica para el desarrollo sostenible.<\/p>\n<p style=\"text-align: justify;\">\u201cLa participaci\u00f3n de Ecuador en esta importante cita, demuestra el compromiso ambiental del Gobierno Central con el af\u00e1n de trabajar en enfoques, visiones, modelos, e instrumentos para alcanzar el desarrollo sostenible, en funci\u00f3n de la necesidad y prioridad de cada pa\u00eds participante en esta Conferencia de Partes\u201d, se\u00f1al\u00f3 la Secretaria de Ambiente.<\/p>\n<p>En esta jornada de alto nivel internacional, a la que asistieron representantes de 194 pa\u00edses, la Ministra Tapia y los miembros de su gabinete Ministerial abordaron temas fundamentales en materia de pol\u00edtica, normativa y gesti\u00f3n ambiental en el pa\u00eds.<\/p>\n<p>La M\u00e1xima Autoridad Ambiental del pa\u00eds hizo su intervenci\u00f3n\u00a0hoy\u00a0en el Panel \u00a0de Discusi\u00f3n 3: Las soluciones basadas en la Naturaleza para los desaf\u00edos globales . En su intervenci\u00f3n dio a conocer las acciones que ejecuta el Ministerio del Ambiente (MAE), a trav\u00e9s de sus diversos programas y proyectos, en pro del cuidado y conservaci\u00f3n del Patrimonio Natural, enfocado en el desarrollo social en armon\u00eda con los recursos naturales.<\/p>\n<p>\u00ab\u200bEcuador , como \u00a0\u00fanico pa\u00eds en el mundo en reconocer a nivel constitucional los derechos de la naturaleza, \u00a0demuestra \u00a0una vez m\u00e1s que uno de los pilares de su visi\u00f3n de la gobernanza de la naturaleza y de la acci\u00f3n frente a los desaf\u00edos globales, es el pleno respeto de la soberan\u00eda sobre los recursos naturales y la defensa de la naturaleza, como el lugar donde se realiza la vida. \u00a0Adem\u00e1s como pa\u00eds andino construye los derechos humanos, econ\u00f3micos, sociales, culturales y de la naturaleza, sobre un concepto y visi\u00f3n hol\u00edstica del mundo que recoge varios principios de vida de las antiguas sociedades de la regi\u00f3n de los Andes: El Buen Vivir o Sumak Kawsay\u00bb, recalc\u00f3 Tapia.<\/p>\n<p>\u200bInform\u00f3, adem\u00e1s, ante la comunidad internacional que el Plan Nacional del Buen Vivir 2013-2017, \u00a0establece como uno de sus principios para la creaci\u00f3n de la sociedad del Buen Vivir, la relaci\u00f3n arm\u00f3nica del ser humano con la naturaleza. \u201cEl reconocimiento de los derechos de la naturaleza demandan respeto y equilibrio entre los \u00a0ecosistemas, su gigantesca biodiversidad, sus din\u00e1micas y tiempos. Tambi\u00e9n exigen la valoraci\u00f3n de la naturaleza y sus funciones, as\u00ed como el planteamiento de las actividades humanas dentro de los l\u00edmites biof\u00edsicos de los ecosistemas en los territorios, asumiendo responsabilidad con las futuras generaciones\u201d.<\/p>\n<p style=\"text-align: justify;\">\u200bAgreg\u00f3 que al pensar en las soluciones basadas en la naturaleza a los desaf\u00edos globales, no debemos concentrar nuestros esfuerzos \u00fanicamente en corregir los efectos de los problemas y amenazas globales que enfrentan nuestro planeta y sus ecosistemas, tales como el cambio clim\u00e1tico, la p\u00e9rdida de la biodiversidad, la deforestaci\u00f3n, la desertificaci\u00f3n, el aumento del nivel del\u00a0mar, entre muchos otros; sino atender tambi\u00e9n con suficiente honestidad y transparencia, las causas estructurales de dichos problemas y desaf\u00edos.<\/p>\n<p>\u200b\u00bbEs necesario pensar en nuevos esquemas de producci\u00f3n, comercializaci\u00f3n, consumo y nutrici\u00f3n, todo esto considerando los contextos actuales, ya que estos implican desaf\u00edos en torno a la manera en que se producen, distribuyen y consumen los productos agr\u00edcolas. Estos desaf\u00edos est\u00e1n enmarcados en una globalizaci\u00f3n neoliberal que ha devenido en una mayor concentraci\u00f3n de los sistemas alimentarios, una mayor exclusi\u00f3n de los peque\u00f1os productores, mujeres y j\u00f3venes de las cadenas de producci\u00f3n\u00bb.<\/p>\n<p style=\"text-align: justify;\">Al finalizar su intervenci\u00f3n, la ministra Tapia recalc\u00f3 que el Ecuador implementa adem\u00e1s medidas para la gobernabilidad del agua, el fortalecimiento de la resiliencia de las comunidades, la soberan\u00eda y seguridad alimentaria, la coordinaci\u00f3n entre gobierno central y gobiernos aut\u00f3nomos descentralizados y la adaptaci\u00f3n al impacto del retroceso acelerado de los glaciares tropicales, entre otros. En ese sentido, como hitos del pa\u00eds destac\u00f3 el Programa Socio Bosque y el Plan Nacional de Restauraci\u00f3n Forestal, con 100 mil has. gestionadas de manera integral y sostenible hasta la fecha y con la meta de alcanzar las 500 mil has. hasta el a\u00f1o 2017.<\/p>\n<p style=\"text-align: justify;\">Estas sesiones ministeriales se celebran el 15 y\u00a016 de octubre\u00a0de 2014 en el Centro Internacional de Convenciones Alpensia. Como M\u00e1ximo Organismo Rector Ambiental del pa\u00eds, esta Cartera de Estado espera aportar con sus experiencias, y fortalecer los lineamientos con los que trabaja para fomentar un Ecuador Verde.<\/p>\n<p style=\"text-align: justify;\"><a href=\"https:\/\/www.flickr.com\/photos\/ministerioambienteecuador\/sets\/72157648804210505\/\">Mira las fotograf\u00edas aqu\u00ed<\/a><\/p>\n","protected":false},"excerpt":{"rendered":"<p class=\"excerpt\">La Ministra del Ambiente del Ecuador, Lorena Tapia, junto con la delegaci\u00f3n ecuatoriana, particip\u00f3 en la XII Reuni\u00f3n de la Conferencia de las Partes (COP-12), en el Convenio sobre Diversidad Biol\u00f3gica (CBD), realizada en Pyeongchang, Corea del Sur; con el objetivo de establecer un espacio para la deliberaci\u00f3n de cuestiones relacionadas con diversidad biol\u00f3gica para el desarrollo sostenible. \u201cLa participaci\u00f3n&hellip; <a href=\"https:\/\/www.ambienteyenergia.gob.ec\/ambiente\/ministra-tapia-participa-en-xii-reunion-de-la-conferencia-de-las-partes-cop-12-convenio-sobre-diversidad-biologica\/\">Read more &rarr;<\/a><\/p>\n","protected":false},"author":13,"featured_media":22840,"comment_status":"open","ping_status":"open","sticky":false,"template":"","format":"standard","meta":{"footnotes":""},"categories":[16,4],"tags":[558,387],"class_list":["post-22839","post","type-post","status-publish","format-standard","has-post-thumbnail","hentry","category-comunicamos","category-noticias","tag-cop12","tag-mae-lorena-tapia","xfolkentry"],"_links":{"self":[{"href":"https:\/\/www.ambienteyenergia.gob.ec\/ambiente\/wp-json\/wp\/v2\/posts\/22839","targetHints":{"allow":["GET"]}}],"collection":[{"href":"https:\/\/www.ambienteyenergia.gob.ec\/ambiente\/wp-json\/wp\/v2\/posts"}],"about":[{"href":"https:\/\/www.ambienteyenergia.gob.ec\/ambiente\/wp-json\/wp\/v2\/types\/post"}],"author":[{"embeddable":true,"href":"https:\/\/www.ambienteyenergia.gob.ec\/ambiente\/wp-json\/wp\/v2\/users\/13"}],"replies":[{"embeddable":true,"href":"https:\/\/www.ambienteyenergia.gob.ec\/ambiente\/wp-json\/wp\/v2\/comments?post=22839"}],"version-history":[{"count":0,"href":"https:\/\/www.ambienteyenergia.gob.ec\/ambiente\/wp-json\/wp\/v2\/posts\/22839\/revisions"}],"wp:featuredmedia":[{"embeddable":true,"href":"https:\/\/www.ambienteyenergia.gob.ec\/ambiente\/wp-json\/wp\/v2\/media\/22840"}],"wp:attachment":[{"href":"https:\/\/www.ambienteyenergia.gob.ec\/ambiente\/wp-json\/wp\/v2\/media?parent=22839"}],"wp:term":[{"taxonomy":"category","embeddable":true,"href":"https:\/\/www.ambienteyenergia.gob.ec\/ambiente\/wp-json\/wp\/v2\/categories?post=22839"},{"taxonomy":"post_tag","embeddable":true,"href":"https:\/\/www.ambienteyenergia.gob.ec\/ambiente\/wp-json\/wp\/v2\/tags?post=22839"}],"curies":[{"name":"wp","href":"https:\/\/api.w.org\/{rel}","templated":true}]}}