{"id":22836,"date":"2014-10-15T18:02:52","date_gmt":"2014-10-15T23:02:52","guid":{"rendered":"http:\/\/www.ambiente.gob.ec\/?p=22836"},"modified":"2014-10-15T21:08:49","modified_gmt":"2014-10-16T02:08:49","slug":"mae-firma-convenio-de-aprovechamiento-de-residuos-inorganicos","status":"publish","type":"post","link":"https:\/\/www.ambienteyenergia.gob.ec\/ambiente\/mae-firma-convenio-de-aprovechamiento-de-residuos-inorganicos\/","title":{"rendered":"MAE firma convenio de aprovechamiento  de residuos inorg\u00e1nicos"},"content":{"rendered":"<p style=\"text-align: justify;\">Ayer,\u00a0el Ministerio del Ambiente (MAE), a trav\u00e9s de su Programa Nacional para la Gesti\u00f3n Integral de Desechos S\u00f3lidos (PNGIDS), firm\u00f3 un Convenio de Cooperaci\u00f3n T\u00e9cnica con las empresas: Enkador,\u00a0 Novacero, Repapers Y Cridesa, en el marco de la promoci\u00f3n del aprovechamiento eficiente de los residuos inorg\u00e1nicos.<\/p>\n<p style=\"text-align: justify;\">Estas empresas se unieron de forma voluntaria para mejorar y optimizar la gesti\u00f3n de los residuos inorg\u00e1nicos aprovechables que actualmente manejan de forma individual. Frente a esto, el MAE firm\u00f3 un convenio con la finalidad de apoyar este tipo de iniciativas de car\u00e1cter privado privada.<\/p>\n<p style=\"text-align: justify;\">As\u00ed, el objetivo de este convenio es fortalecer la cooperaci\u00f3n t\u00e9cnica entre la Autoridad Ambiental Nacional y la industria productiva del pa\u00eds, con el objetivo de establecer planes y proyectos de recuperaci\u00f3n de residuos inorg\u00e1nicos aprovechables, teniendo como base\u00a0 la\u00a0 inclusi\u00f3n social y econ\u00f3mica a nivel nacional, potenciando la cantidad de residuos a recuperarse.<\/p>\n<p style=\"text-align: justify;\">Ramiro Garz\u00f3n, Gerente General de la empresa Novacero, destac\u00f3 el apoyo del MAE e indic\u00f3 su satisfacci\u00f3n al firmar este convenio de car\u00e1cter t\u00e9cnico. \u00abUn grupo de empresas nos asociamos para aprovechar materias primas que antes se desechaba, y que hoy generamos procesos de recuperaci\u00f3n para sacar productos terminados que necesita la industria y la sociedad en general\u00bb.<\/p>\n<p style=\"text-align: justify;\">Para la ejecuci\u00f3n eficaz de este proyecto interinstitucional se coordinar\u00e1 la recuperaci\u00f3n ordenada de residuos inorg\u00e1nicos como: PET, chatarra, latas, papel, cart\u00f3n, vidrio, entre otros, bajo la supervisi\u00f3n del PNGIDS.<\/p>\n<p style=\"text-align: justify;\">Paula Guerra, Gerente del Programa Nacional de Gesti\u00f3n Integral de Desechos S\u00f3lidos, indic\u00f3 que este tipo de iniciativas buscan generar un impacto positivo en la sociedad, a trav\u00e9s de una efectiva sostenibilidad ambiental, productiva y social.\u00a0 \u00abLa ejecuci\u00f3n de este acuerdo ha vinculado a 221 Gobiernos Aut\u00f3nomos Descentralizados a nivel nacional y al sector productivo nacional. Nuestra meta es tener ciudades m\u00e1s limpias\u00bb.<\/p>\n<p style=\"text-align: justify;\">El Ministerio del Ambiente realizar\u00e1 una evaluaci\u00f3n anual del presente convenio, del cual se elaborar\u00e1 un informe con la finalidad de mejorar su ejecuci\u00f3n y verificar su cumplimiento.<\/p>\n<p style=\"text-align: justify;\">Con este acuerdo, el PNGIDS continuar\u00e1 ejecutando el Plan de Limpieza Total de Gal\u00e1pagos, que hasta la actualidad ha retirado m\u00e1s de 5 300 neum\u00e1ticos fuera de uso, desde el pasado septiembre.<\/p>\n<p style=\"text-align: justify;\"><strong>El Dato:<\/strong><\/p>\n<p style=\"text-align: justify;\">Ecuador genera cerca de 4,2 millones de toneladas de residuos, de los cuales un 25,2% de desechos inorg\u00e1nicos tiene potencial reciclable, el 61,4 de desechos org\u00e1nicos y el 13,4 de desechos varios.<\/p>\n<p style=\"text-align: justify;\">\n","protected":false},"excerpt":{"rendered":"<p class=\"excerpt\">Ayer,\u00a0el Ministerio del Ambiente (MAE), a trav\u00e9s de su Programa Nacional para la Gesti\u00f3n Integral de Desechos S\u00f3lidos (PNGIDS), firm\u00f3 un Convenio de Cooperaci\u00f3n T\u00e9cnica con las empresas: Enkador,\u00a0 Novacero, Repapers Y Cridesa, en el marco de la promoci\u00f3n del aprovechamiento eficiente de los residuos inorg\u00e1nicos. Estas empresas se unieron de forma voluntaria para mejorar y optimizar la gesti\u00f3n de&hellip; <a href=\"https:\/\/www.ambienteyenergia.gob.ec\/ambiente\/mae-firma-convenio-de-aprovechamiento-de-residuos-inorganicos\/\">Read more &rarr;<\/a><\/p>\n","protected":false},"author":13,"featured_media":22837,"comment_status":"open","ping_status":"open","sticky":false,"template":"","format":"standard","meta":{"footnotes":""},"categories":[16,4],"tags":[92,387],"class_list":["post-22836","post","type-post","status-publish","format-standard","has-post-thumbnail","hentry","category-comunicamos","category-noticias","tag-desechos-solidos","tag-mae-lorena-tapia","xfolkentry"],"_links":{"self":[{"href":"https:\/\/www.ambienteyenergia.gob.ec\/ambiente\/wp-json\/wp\/v2\/posts\/22836","targetHints":{"allow":["GET"]}}],"collection":[{"href":"https:\/\/www.ambienteyenergia.gob.ec\/ambiente\/wp-json\/wp\/v2\/posts"}],"about":[{"href":"https:\/\/www.ambienteyenergia.gob.ec\/ambiente\/wp-json\/wp\/v2\/types\/post"}],"author":[{"embeddable":true,"href":"https:\/\/www.ambienteyenergia.gob.ec\/ambiente\/wp-json\/wp\/v2\/users\/13"}],"replies":[{"embeddable":true,"href":"https:\/\/www.ambienteyenergia.gob.ec\/ambiente\/wp-json\/wp\/v2\/comments?post=22836"}],"version-history":[{"count":0,"href":"https:\/\/www.ambienteyenergia.gob.ec\/ambiente\/wp-json\/wp\/v2\/posts\/22836\/revisions"}],"wp:featuredmedia":[{"embeddable":true,"href":"https:\/\/www.ambienteyenergia.gob.ec\/ambiente\/wp-json\/wp\/v2\/media\/22837"}],"wp:attachment":[{"href":"https:\/\/www.ambienteyenergia.gob.ec\/ambiente\/wp-json\/wp\/v2\/media?parent=22836"}],"wp:term":[{"taxonomy":"category","embeddable":true,"href":"https:\/\/www.ambienteyenergia.gob.ec\/ambiente\/wp-json\/wp\/v2\/categories?post=22836"},{"taxonomy":"post_tag","embeddable":true,"href":"https:\/\/www.ambienteyenergia.gob.ec\/ambiente\/wp-json\/wp\/v2\/tags?post=22836"}],"curies":[{"name":"wp","href":"https:\/\/api.w.org\/{rel}","templated":true}]}}