{"id":22833,"date":"2014-10-15T18:33:31","date_gmt":"2014-10-15T23:33:31","guid":{"rendered":"http:\/\/www.ambiente.gob.ec\/?p=22833"},"modified":"2014-10-15T21:02:40","modified_gmt":"2014-10-16T02:02:40","slug":"mae-participa-en-el-ii-dialogo-con-lideres-en-sostenibilidad-en-guayaquil","status":"publish","type":"post","link":"https:\/\/www.ambienteyenergia.gob.ec\/ambiente\/mae-participa-en-el-ii-dialogo-con-lideres-en-sostenibilidad-en-guayaquil\/","title":{"rendered":"MAE participa en el II Di\u00e1logo con L\u00edderes en sostenibilidad en Guayaquil"},"content":{"rendered":"<p style=\"color: #000000;\" align=\"JUSTIFY\">El Ministerio del Ambiente (MAE) en conjunto con el Consejo Empresarial para el Desarrollo Sostenible del Ecuador (CEMDES) realiz\u00f3, por segundo a\u00f1o consecutivo, el evento \u00abDi\u00e1logo con L\u00edderes en Sostenibilidad\u00bb, en el cual cerca de 100 empresarios compartieron experiencias sobre temas relacionados al desarrollo sostenible.<\/p>\n<p style=\"color: #000000;\" align=\"JUSTIFY\">Ocho expositores, representantes de las empresas m\u00e1s destacadas por su gesti\u00f3n a nivel nacional, compartieron sus proyectos y logros bajo la l\u00ednea de cuidado ambiental. Con el objetivo de incentivar a otras empresas locales y multinacionales a trabajar por un Ecuador Verde.<\/p>\n<p style=\"color: #000000;\" align=\"JUSTIFY\">Esta iniciativa empresarial tiene como finalidad generar ganancias para la empresa pero contribuyendo a la disminuci\u00f3n de la pobreza; adem\u00e1s de reducir la contaminaci\u00f3n durante el proceso productivo industrial.<\/p>\n<p style=\"color: #000000;\" align=\"JUSTIFY\">La Ministra del Ambiente (s), Lorena\u00a0<span id=\"OBJ_PREFIX_DWT90_com_zimbra_date\" class=\"Object\" style=\"color: #00008b;\">S\u00e1<\/span>nchez, ratific\u00f3 el compromiso pol\u00edtico del Gobierno de la Revoluci\u00f3n Ciudadana, en el marco del desarrollo del sector productivo y de servicios, para alcanzar un equilibrio entre ambiente y sociedad.<\/p>\n<p style=\"color: #000000;\" align=\"JUSTIFY\">El MAE ofrece herramientas que permitan generar el cambio de matriz productiva y de consumo en el marco del Buen Vivir. La Unidad de Producci\u00f3n y Consumo Sostenible de esta Cartera de Estado tiene como principio la prevenci\u00f3n, reducci\u00f3n en la contaminaci\u00f3n evitando as\u00ed el uso excesivo de recursos naturales, fomentando el uso de tecnolog\u00edas limpias. \u00abLa idea es que las empresas generen una rentabilidad social, econ\u00f3mica y ambiental para lograr un equipo y una armon\u00eda con la naturaleza\u00bb se\u00f1al\u00f3 la <span style=\"color: #000000;\">Ministra\u00a0<span id=\"OBJ_PREFIX_DWT91_com_zimbra_date\" class=\"Object\">S\u00e1<\/span>nchez.<\/span><\/p>\n<p style=\"color: #000000;\" align=\"JUSTIFY\">Esta Secretar\u00eda de Estado,\u00a0mediante\u00a0Acuerdo Ministerial\u00a0N\u00b0\u00a0225\u00a0cre\u00f3 la\u00a0Certificaci\u00f3n Ecuatoriana Ambiental (CEA) Punto Verde\u00a0con el objetivo de\u00a0vincular a las empresas productivas y de servicio a generar procesos de producci\u00f3n m\u00e1s limpia por medio de cuatro ejes macro, en relaci\u00f3n a la reducci\u00f3n emisiones y consumo de energ\u00eda,\u00a0que busca el\u00a0posicionamiento competitivo de las empresas en el mercado nacional, regional e internacional.<\/p>\n<p style=\"color: #000000;\" align=\"JUSTIFY\">Estas iniciativas ambientales permiten el acercamiento de los sectores privado y p\u00fablico con el af\u00e1n de lograr un manejo adecuado de los procesos de producci\u00f3n, sostenible y amigables con el ambiente.<\/p>\n","protected":false},"excerpt":{"rendered":"<p class=\"excerpt\">El Ministerio del Ambiente (MAE) en conjunto con el Consejo Empresarial para el Desarrollo Sostenible del Ecuador (CEMDES) realiz\u00f3, por segundo a\u00f1o consecutivo, el evento \u00abDi\u00e1logo con L\u00edderes en Sostenibilidad\u00bb, en el cual cerca de 100 empresarios compartieron experiencias sobre temas relacionados al desarrollo sostenible. Ocho expositores, representantes de las empresas m\u00e1s destacadas por su gesti\u00f3n a nivel nacional, compartieron&hellip; <a href=\"https:\/\/www.ambienteyenergia.gob.ec\/ambiente\/mae-participa-en-el-ii-dialogo-con-lideres-en-sostenibilidad-en-guayaquil\/\">Read more &rarr;<\/a><\/p>\n","protected":false},"author":13,"featured_media":22834,"comment_status":"open","ping_status":"open","sticky":false,"template":"","format":"standard","meta":{"footnotes":""},"categories":[16,4],"tags":[51,53,112],"class_list":["post-22833","post","type-post","status-publish","format-standard","has-post-thumbnail","hentry","category-comunicamos","category-noticias","tag-ambiente","tag-mae","tag-punto-verde","xfolkentry"],"_links":{"self":[{"href":"https:\/\/www.ambienteyenergia.gob.ec\/ambiente\/wp-json\/wp\/v2\/posts\/22833","targetHints":{"allow":["GET"]}}],"collection":[{"href":"https:\/\/www.ambienteyenergia.gob.ec\/ambiente\/wp-json\/wp\/v2\/posts"}],"about":[{"href":"https:\/\/www.ambienteyenergia.gob.ec\/ambiente\/wp-json\/wp\/v2\/types\/post"}],"author":[{"embeddable":true,"href":"https:\/\/www.ambienteyenergia.gob.ec\/ambiente\/wp-json\/wp\/v2\/users\/13"}],"replies":[{"embeddable":true,"href":"https:\/\/www.ambienteyenergia.gob.ec\/ambiente\/wp-json\/wp\/v2\/comments?post=22833"}],"version-history":[{"count":0,"href":"https:\/\/www.ambienteyenergia.gob.ec\/ambiente\/wp-json\/wp\/v2\/posts\/22833\/revisions"}],"wp:featuredmedia":[{"embeddable":true,"href":"https:\/\/www.ambienteyenergia.gob.ec\/ambiente\/wp-json\/wp\/v2\/media\/22834"}],"wp:attachment":[{"href":"https:\/\/www.ambienteyenergia.gob.ec\/ambiente\/wp-json\/wp\/v2\/media?parent=22833"}],"wp:term":[{"taxonomy":"category","embeddable":true,"href":"https:\/\/www.ambienteyenergia.gob.ec\/ambiente\/wp-json\/wp\/v2\/categories?post=22833"},{"taxonomy":"post_tag","embeddable":true,"href":"https:\/\/www.ambienteyenergia.gob.ec\/ambiente\/wp-json\/wp\/v2\/tags?post=22833"}],"curies":[{"name":"wp","href":"https:\/\/api.w.org\/{rel}","templated":true}]}}