{"id":22827,"date":"2014-10-15T14:49:26","date_gmt":"2014-10-15T19:49:26","guid":{"rendered":"http:\/\/www.ambiente.gob.ec\/?p=22827"},"modified":"2014-10-15T15:46:00","modified_gmt":"2014-10-15T20:46:00","slug":"reinita-cerulea-un-compromiso-regional-de-conservacion","status":"publish","type":"post","link":"https:\/\/www.ambienteyenergia.gob.ec\/ambiente\/reinita-cerulea-un-compromiso-regional-de-conservacion\/","title":{"rendered":"Reinita Cer\u00falea, un compromiso regional de conservaci\u00f3n"},"content":{"rendered":"<p style=\"text-align: justify;\">La Dendroica cerulea conocida com\u00fanmente como \u201creinita cer\u00falea\u201d es un ave paseriforme de la familia Parulidae. Es una especie migratoria que se traslada de Am\u00e9rica del Norte hacia pa\u00edses del sur para pasar el invierno. Estos ejemplares, que pueden medir 11 cm de largo y pesar alrededor de 8g, habitan principalmente en bosques deciduos con sotobosque abierto en Norteam\u00e9rica, en la \u00e9poca de reproducci\u00f3n, misma que inicia a mediados de mayo y termina en julio.<\/p>\n<p style=\"text-align: justify;\">Durante esta temporada, la hembra caracterizada por tener colores verdosos, con la coronilla te\u00f1ida de azul y una estrecha l\u00ednea superciliar blanca; construye el nido en el dosel del bosque con fibras, cortezas, l\u00edquenes, musgos y hierbas finas, donde pone cuatro huevo cuya incubaci\u00f3n oscila entre los 11 y 13 d\u00edas. Los pichones abandonan el nido despu\u00e9s de 10 o 11 de la eclosi\u00f3n.<\/p>\n<p style=\"text-align: justify;\">Luego de ello, desde julio hasta septiembre, la \u201creinita cer\u00falea\u201d se moviliza hacia pa\u00edses de Am\u00e9rica del Sur donde habita en selvas primarias perennes, selvas y bordes de bosque en piedemontes y laderas bajas. Tambi\u00e9n suele ser com\u00fan en cafetales con sombra. Los machos, caracterizados por el predominio de plumaje azul por encima, con m\u00e1rgenes alares negruzcos y barras blancas, arriban una semana antes que las hembras. A finales de abril, estos ejemplares emprenden el viaje de retorno hacia Am\u00e9rica del Norte.<\/p>\n<p style=\"text-align: justify;\">Esta especie est\u00e1 clasificada como vulnerable porque se estima que su poblaci\u00f3n ha sufrido un r\u00e1pido declive, por la constante p\u00e9rdida de h\u00e1bitat en sus sitios de reproducci\u00f3n e invernada. Entre las principales amenazas se encuentran la p\u00e9rdida de bosques deciduos maduros y su fragmentaci\u00f3n, la degradaci\u00f3n del ambiente por lluvias \u00e1cidas y el parasitismo de sus nidos. En las zonas donde pasa en invierno, la problem\u00e1tica consiste en la reducci\u00f3n y fragmentaci\u00f3n de los bosques tropicales.<\/p>\n<p style=\"text-align: justify;\">En este contexto, del 4 y el 9 de noviembre de 2014, en Ecuador durante la XI Conferencia de las Partes (COP11), en el marco de la Convenci\u00f3n sobre Conservaci\u00f3n de Especies Migratorias de Animales Silvestres (CMS), se discutir\u00e1 sobre mecanismo regionales para la protecci\u00f3n y conservaci\u00f3n de las especie consideradas como vulnerable, entre ellas, la \u201creinita cer\u00falea\u201d.<\/p>\n","protected":false},"excerpt":{"rendered":"<p class=\"excerpt\">La Dendroica cerulea conocida com\u00fanmente como \u201creinita cer\u00falea\u201d es un ave paseriforme de la familia Parulidae. Es una especie migratoria que se traslada de Am\u00e9rica del Norte hacia pa\u00edses del sur para pasar el invierno. Estos ejemplares, que pueden medir 11 cm de largo y pesar alrededor de 8g, habitan principalmente en bosques deciduos con sotobosque abierto en Norteam\u00e9rica, en&hellip; <a href=\"https:\/\/www.ambienteyenergia.gob.ec\/ambiente\/reinita-cerulea-un-compromiso-regional-de-conservacion\/\">Read more &rarr;<\/a><\/p>\n","protected":false},"author":13,"featured_media":22785,"comment_status":"open","ping_status":"open","sticky":false,"template":"","format":"standard","meta":{"footnotes":""},"categories":[16,4],"tags":[],"class_list":["post-22827","post","type-post","status-publish","format-standard","has-post-thumbnail","hentry","category-comunicamos","category-noticias","xfolkentry"],"_links":{"self":[{"href":"https:\/\/www.ambienteyenergia.gob.ec\/ambiente\/wp-json\/wp\/v2\/posts\/22827","targetHints":{"allow":["GET"]}}],"collection":[{"href":"https:\/\/www.ambienteyenergia.gob.ec\/ambiente\/wp-json\/wp\/v2\/posts"}],"about":[{"href":"https:\/\/www.ambienteyenergia.gob.ec\/ambiente\/wp-json\/wp\/v2\/types\/post"}],"author":[{"embeddable":true,"href":"https:\/\/www.ambienteyenergia.gob.ec\/ambiente\/wp-json\/wp\/v2\/users\/13"}],"replies":[{"embeddable":true,"href":"https:\/\/www.ambienteyenergia.gob.ec\/ambiente\/wp-json\/wp\/v2\/comments?post=22827"}],"version-history":[{"count":0,"href":"https:\/\/www.ambienteyenergia.gob.ec\/ambiente\/wp-json\/wp\/v2\/posts\/22827\/revisions"}],"wp:featuredmedia":[{"embeddable":true,"href":"https:\/\/www.ambienteyenergia.gob.ec\/ambiente\/wp-json\/wp\/v2\/media\/22785"}],"wp:attachment":[{"href":"https:\/\/www.ambienteyenergia.gob.ec\/ambiente\/wp-json\/wp\/v2\/media?parent=22827"}],"wp:term":[{"taxonomy":"category","embeddable":true,"href":"https:\/\/www.ambienteyenergia.gob.ec\/ambiente\/wp-json\/wp\/v2\/categories?post=22827"},{"taxonomy":"post_tag","embeddable":true,"href":"https:\/\/www.ambienteyenergia.gob.ec\/ambiente\/wp-json\/wp\/v2\/tags?post=22827"}],"curies":[{"name":"wp","href":"https:\/\/api.w.org\/{rel}","templated":true}]}}