{"id":22824,"date":"2014-10-15T12:32:00","date_gmt":"2014-10-15T17:32:00","guid":{"rendered":"http:\/\/www.ambiente.gob.ec\/?p=22824"},"modified":"2014-10-15T12:32:00","modified_gmt":"2014-10-15T17:32:00","slug":"jovenes-del-servicio-civil-ciudadano-visitaron-centro-de-tenencia-y-rescate-de-fauna-silvestre-amaru","status":"publish","type":"post","link":"https:\/\/www.ambienteyenergia.gob.ec\/ambiente\/jovenes-del-servicio-civil-ciudadano-visitaron-centro-de-tenencia-y-rescate-de-fauna-silvestre-amaru\/","title":{"rendered":"J\u00f3venes del Servicio Civil Ciudadano visitaron Centro de Tenencia y Rescate de Fauna Silvestre Amaru"},"content":{"rendered":"<p style=\"text-align: justify;\">El Ministerio del Ambiente de Ecuador (MAE), a trav\u00e9s de la Direcci\u00f3n Provincial de Azuay, en coordinaci\u00f3n con el Servicio Civil Ciudadano, realiz\u00f3 una capacitaci\u00f3n en el Centro de Tenencia y Rescate de Fauna Silvestre Amaru, con la finalidad de familiarizar a los voluntarios en identificaci\u00f3n de fauna silvestre.<\/p>\n<p style=\"text-align: justify;\">\nLos j\u00f3venes voluntarios se capacitaron en temas relacionados a la ecolog\u00eda y biolog\u00eda de algunas especies silvestres, a m\u00e1s de conocer la Normativa Ambiental Vigente, el marco legal sobre tr\u00e1fico ilegal de fauna y flora silvestre.<\/p>\n<p style=\"text-align: justify;\">\nDurante el recorrido por Amaru, los participantes pusieron en pr\u00e1ctica los conocimientos adquiridos en las capacitaciones previas en relaci\u00f3n identificaci\u00f3n, definici\u00f3n y reconocimiento de peces, anfibios y reptiles, entre otras especies.<\/p>\n<p style=\"text-align: justify;\">\nEl funcionamiento de estos centros de tenencia y rescate de fauna silvestre fue uno de los temas en los que se centr\u00f3 la atenci\u00f3n de los asistentes, en el cual se expuso adem\u00e1s sobre los procedimientos t\u00e9cnicos para el manejo, conservaci\u00f3n, protecci\u00f3n y protocolos de bioseguridad de animales provenientes de tr\u00e1fico y tenencia ilegal.<\/p>\n","protected":false},"excerpt":{"rendered":"<p class=\"excerpt\">El Ministerio del Ambiente de Ecuador (MAE), a trav\u00e9s de la Direcci\u00f3n Provincial de Azuay, en coordinaci\u00f3n con el Servicio Civil Ciudadano, realiz\u00f3 una capacitaci\u00f3n en el Centro de Tenencia y Rescate de Fauna Silvestre Amaru, con la finalidad de familiarizar a los voluntarios en identificaci\u00f3n de fauna silvestre. Los j\u00f3venes voluntarios se capacitaron en temas relacionados a la ecolog\u00eda&hellip; <a href=\"https:\/\/www.ambienteyenergia.gob.ec\/ambiente\/jovenes-del-servicio-civil-ciudadano-visitaron-centro-de-tenencia-y-rescate-de-fauna-silvestre-amaru\/\">Read more &rarr;<\/a><\/p>\n","protected":false},"author":13,"featured_media":22825,"comment_status":"open","ping_status":"open","sticky":false,"template":"","format":"standard","meta":{"footnotes":""},"categories":[16,4],"tags":[],"class_list":["post-22824","post","type-post","status-publish","format-standard","has-post-thumbnail","hentry","category-comunicamos","category-noticias","xfolkentry"],"_links":{"self":[{"href":"https:\/\/www.ambienteyenergia.gob.ec\/ambiente\/wp-json\/wp\/v2\/posts\/22824","targetHints":{"allow":["GET"]}}],"collection":[{"href":"https:\/\/www.ambienteyenergia.gob.ec\/ambiente\/wp-json\/wp\/v2\/posts"}],"about":[{"href":"https:\/\/www.ambienteyenergia.gob.ec\/ambiente\/wp-json\/wp\/v2\/types\/post"}],"author":[{"embeddable":true,"href":"https:\/\/www.ambienteyenergia.gob.ec\/ambiente\/wp-json\/wp\/v2\/users\/13"}],"replies":[{"embeddable":true,"href":"https:\/\/www.ambienteyenergia.gob.ec\/ambiente\/wp-json\/wp\/v2\/comments?post=22824"}],"version-history":[{"count":0,"href":"https:\/\/www.ambienteyenergia.gob.ec\/ambiente\/wp-json\/wp\/v2\/posts\/22824\/revisions"}],"wp:featuredmedia":[{"embeddable":true,"href":"https:\/\/www.ambienteyenergia.gob.ec\/ambiente\/wp-json\/wp\/v2\/media\/22825"}],"wp:attachment":[{"href":"https:\/\/www.ambienteyenergia.gob.ec\/ambiente\/wp-json\/wp\/v2\/media?parent=22824"}],"wp:term":[{"taxonomy":"category","embeddable":true,"href":"https:\/\/www.ambienteyenergia.gob.ec\/ambiente\/wp-json\/wp\/v2\/categories?post=22824"},{"taxonomy":"post_tag","embeddable":true,"href":"https:\/\/www.ambienteyenergia.gob.ec\/ambiente\/wp-json\/wp\/v2\/tags?post=22824"}],"curies":[{"name":"wp","href":"https:\/\/api.w.org\/{rel}","templated":true}]}}