{"id":22811,"date":"2014-10-14T16:25:25","date_gmt":"2014-10-14T21:25:25","guid":{"rendered":"http:\/\/www.ambiente.gob.ec\/?p=22811"},"modified":"2014-10-14T16:25:25","modified_gmt":"2014-10-14T21:25:25","slug":"participantes-de-ecotalleres-visitan-el-bosque-protector-pedro-franco-davila","status":"publish","type":"post","link":"https:\/\/www.ambienteyenergia.gob.ec\/ambiente\/participantes-de-ecotalleres-visitan-el-bosque-protector-pedro-franco-davila\/","title":{"rendered":"Participantes de ecotalleres visitan el Bosque Protector Pedro Franco D\u00e1vila"},"content":{"rendered":"<p style=\"text-align: justify;\">El pasado jueves, el Ministerio del Ambiente de Ecuador (MAE), a trav\u00e9s de la Direcci\u00f3n Provincial del Ambiente de Los R\u00edos y en coordinaci\u00f3n con el GAD parroquial de San Juan, organiz\u00f3 una visita de los participantes del proyecto Ecotalleres al Bosque Protector \u201cPedro Franco D\u00e1vila\u201d ubicado en el recinto Jauneche del cant\u00f3n Palenque.<\/p>\n<p>Jos\u00e9 Bonifaz, guardabosque, expuso a los 40 l\u00edderes comunitarios sobre las actividades de conservaci\u00f3n y protecci\u00f3n de la flora y fauna que se realizan en este lugar, lo que ayud\u00f3 a los participantes en su formaci\u00f3n como Promotores Ambientales.<\/p>\n<p>Los estudiantes aprovecharon para observar algunas especies de flora y fauna, con el objetivo de conocer la importancia de preservar y conservar la biodiversidad, para transmitir el mensaje de protecci\u00f3n a sus comunidades.<\/p>\n<p>Este proyecto forma parte del Plan de Educaci\u00f3n Ambiental Ciudadana \u201cSomos parte de la Soluci\u00f3n\u201d, tienen como finalidad formar promotores ambientales comunitarios, que desarrollo de actividades de prevenci\u00f3n y cuidado de nivel local.<\/p>\n<p>Los nuevos promotores ambientales comunitarios de la parroquia San Juan ser\u00e1n los encargados de aplicar los conocimientos adquiridos en sus respectivas comunidades y proponer alternativas pr\u00e1cticas de prevenci\u00f3n, remediaci\u00f3n y mitigaci\u00f3n de los da\u00f1os ambientales, contribuyendo\u00a0 a la conservaci\u00f3n del patrimonio natural local y nacional.<\/p>\n","protected":false},"excerpt":{"rendered":"<p class=\"excerpt\">El pasado jueves, el Ministerio del Ambiente de Ecuador (MAE), a trav\u00e9s de la Direcci\u00f3n Provincial del Ambiente de Los R\u00edos y en coordinaci\u00f3n con el GAD parroquial de San Juan, organiz\u00f3 una visita de los participantes del proyecto Ecotalleres al Bosque Protector \u201cPedro Franco D\u00e1vila\u201d ubicado en el recinto Jauneche del cant\u00f3n Palenque. Jos\u00e9 Bonifaz, guardabosque, expuso a los&hellip; <a href=\"https:\/\/www.ambienteyenergia.gob.ec\/ambiente\/participantes-de-ecotalleres-visitan-el-bosque-protector-pedro-franco-davila\/\">Read more &rarr;<\/a><\/p>\n","protected":false},"author":13,"featured_media":22812,"comment_status":"open","ping_status":"open","sticky":false,"template":"","format":"standard","meta":{"footnotes":""},"categories":[16,4],"tags":[],"class_list":["post-22811","post","type-post","status-publish","format-standard","has-post-thumbnail","hentry","category-comunicamos","category-noticias","xfolkentry"],"_links":{"self":[{"href":"https:\/\/www.ambienteyenergia.gob.ec\/ambiente\/wp-json\/wp\/v2\/posts\/22811","targetHints":{"allow":["GET"]}}],"collection":[{"href":"https:\/\/www.ambienteyenergia.gob.ec\/ambiente\/wp-json\/wp\/v2\/posts"}],"about":[{"href":"https:\/\/www.ambienteyenergia.gob.ec\/ambiente\/wp-json\/wp\/v2\/types\/post"}],"author":[{"embeddable":true,"href":"https:\/\/www.ambienteyenergia.gob.ec\/ambiente\/wp-json\/wp\/v2\/users\/13"}],"replies":[{"embeddable":true,"href":"https:\/\/www.ambienteyenergia.gob.ec\/ambiente\/wp-json\/wp\/v2\/comments?post=22811"}],"version-history":[{"count":0,"href":"https:\/\/www.ambienteyenergia.gob.ec\/ambiente\/wp-json\/wp\/v2\/posts\/22811\/revisions"}],"wp:featuredmedia":[{"embeddable":true,"href":"https:\/\/www.ambienteyenergia.gob.ec\/ambiente\/wp-json\/wp\/v2\/media\/22812"}],"wp:attachment":[{"href":"https:\/\/www.ambienteyenergia.gob.ec\/ambiente\/wp-json\/wp\/v2\/media?parent=22811"}],"wp:term":[{"taxonomy":"category","embeddable":true,"href":"https:\/\/www.ambienteyenergia.gob.ec\/ambiente\/wp-json\/wp\/v2\/categories?post=22811"},{"taxonomy":"post_tag","embeddable":true,"href":"https:\/\/www.ambienteyenergia.gob.ec\/ambiente\/wp-json\/wp\/v2\/tags?post=22811"}],"curies":[{"name":"wp","href":"https:\/\/api.w.org\/{rel}","templated":true}]}}