{"id":22808,"date":"2014-10-14T16:21:22","date_gmt":"2014-10-14T21:21:22","guid":{"rendered":"http:\/\/www.ambiente.gob.ec\/?p=22808"},"modified":"2014-10-14T16:21:22","modified_gmt":"2014-10-14T21:21:22","slug":"ministerio-del-ambiente-desarrolla-aula-de-educacion-ambiental-con-tecnologia-interactiva-2","status":"publish","type":"post","link":"https:\/\/www.ambienteyenergia.gob.ec\/ambiente\/ministerio-del-ambiente-desarrolla-aula-de-educacion-ambiental-con-tecnologia-interactiva-2\/","title":{"rendered":"Ministerio del Ambiente desarrolla &#8216;Aula de Educaci\u00f3n Ambiental&#8217; con tecnolog\u00eda interactiva"},"content":{"rendered":"<p style=\"margin-bottom: 0cm; text-align: justify;\">Con una serie de eventos en tres ciudades del pa\u00eds y un aula m\u00f3vil de educaci\u00f3n ambiental, en la que se expondr\u00e1n temas sobre el manejo de residuos s\u00f3lidos en todas sus etapas, el Ministerio del Ambiente del Ecuador (MAE) difundir\u00e1 y socializar\u00e1 las acciones que realiza a trav\u00e9s de su Programa Nacional de Gesti\u00f3n Integral de Desechos S\u00f3lidos (PNGIDS)<\/p>\n<p style=\"margin-bottom: 0cm; text-align: justify;\">\u201cEste proyecto parte de la necesidad de emprender un proceso de educaci\u00f3n ambiental y difusi\u00f3n, que a trav\u00e9s de un lenguaje cotidiano y de forma l\u00fadica, logre la vinculaci\u00f3n de la poblaci\u00f3n al manejo responsable de residuos s\u00f3lidos y que se conviertan en agentes de cambio por mejorar la calidad ambiental de su entorno\u201d, recalca la Ministra del Ambiente, Lorena Tapia.<\/p>\n<p style=\"margin-bottom: 0cm; text-align: justify;\">Los mensajes se centrar\u00e1n en dos aspectos: la difusi\u00f3n de las pol\u00edticas que trabaja el PNGIDS-MAE y la corresponsabilidad de los ecuatorianos que indistintamente de su edad, condici\u00f3n social y econ\u00f3mica, son consumidores y generadores de residuos s\u00f3lidos. El evento que iniciar\u00e1 en Guayaquil el 31 de octubre va dirigido a padres de familia, j\u00f3venes y ni\u00f1os.<\/p>\n<p style=\"margin-bottom: 0cm; text-align: justify;\">Algo que debe resaltarse es que no se generar\u00e1 el consumo de papel de ning\u00fan tipo, sino que la comunicaci\u00f3n se manejar\u00e1 a trav\u00e9s de los sentidos, la tecnolog\u00eda y las redes sociales como v\u00ednculo post-experiencia. Gran parte de las actividades incluyen tecnolog\u00eda hologr\u00e1fica y en 3D, debido a que su innovaci\u00f3n y forma de comunicar son de alto impacto. Adem\u00e1s, a lo largo de todo el circuito, estar\u00e1 la presencia protag\u00f3nica del \u201cGuardi\u00e1n del Planeta\u201d de las 3Rs, quien guiar\u00e1 virtualmente a los asistentes.<\/p>\n<p style=\"margin-bottom: 0cm; text-align: justify;\">Se estima impactar a 30.000 personas de forma indirecta y otras 114.000 indirectamente. El alcance del evento tambi\u00e9n se medir\u00e1 a trav\u00e9s de los \u00edndices de interacci\u00f3n en internet. La idea es vincular a los asistentes con las redes sociales, subiendo fotos y\/o testimoniales al fan page MAE EDUCA, y as\u00ed viralizar el aprendizaje recibido.<\/p>\n<p style=\"margin-bottom: 0cm; text-align: justify;\">Adicionalmente, se desarrollar\u00e1n otro tres eventos de socializaci\u00f3n ambiental en Guayaquil, Quevedo y Cuenca, dirigidos a los 221 Gobiernos Aut\u00f3nomos Descentralizados (GADs) Municipales, donde se expondr\u00e1n los resultados y productos generados por el PNGIDS-MAE. En Quito se realizar\u00e1 un evento p\u00fablico de difusi\u00f3n de productos generados por estas entidades. La iniciativa pretende abarcar paulatinamente las principales ciudades del pa\u00eds.<\/p>\n<p style=\"margin-bottom: 0cm; text-align: justify;\"><strong>Datos:<\/strong><\/p>\n<ul>\n<li style=\"text-align: justify;\">\n<p style=\"margin-bottom: 0cm; line-height: d%;\">Una de las piezas claves en la gesti\u00f3n de residuos s\u00f3lidos corresponde a la educaci\u00f3n ambiental y difusi\u00f3n hacia la poblaci\u00f3n que diariamente los genera.<\/p>\n<\/li>\n<li style=\"text-align: justify;\">\n<p style=\"margin-bottom: 0cm; line-height: d%;\">El aula m\u00f3vil de educaci\u00f3n ambiental se desarrollar\u00e1 en Guayaquil del 31 de octubre al 4 de noviembre, en la explanada del Centro C\u00edvico ubicado en la Av. Quito y Bolivia.<\/p>\n<\/li>\n<li>\n<p style=\"margin-bottom: 0cm; text-align: justify;\">El aula m\u00f3vil de educaci\u00f3n ambiental tambi\u00e9n tiene previsto recorrer ciudades como Quevedo y Cuenca y otras paulatinamente.<\/p>\n<\/li>\n<\/ul>\n","protected":false},"excerpt":{"rendered":"<p class=\"excerpt\">Con una serie de eventos en tres ciudades del pa\u00eds y un aula m\u00f3vil de educaci\u00f3n ambiental, en la que se expondr\u00e1n temas sobre el manejo de residuos s\u00f3lidos en todas sus etapas, el Ministerio del Ambiente del Ecuador (MAE) difundir\u00e1 y socializar\u00e1 las acciones que realiza a trav\u00e9s de su Programa Nacional de Gesti\u00f3n Integral de Desechos S\u00f3lidos (PNGIDS)&hellip; <a href=\"https:\/\/www.ambienteyenergia.gob.ec\/ambiente\/ministerio-del-ambiente-desarrolla-aula-de-educacion-ambiental-con-tecnologia-interactiva-2\/\">Read more &rarr;<\/a><\/p>\n","protected":false},"author":13,"featured_media":22752,"comment_status":"open","ping_status":"open","sticky":false,"template":"","format":"standard","meta":{"footnotes":""},"categories":[16,4],"tags":[92,48,478,108,53],"class_list":["post-22808","post","type-post","status-publish","format-standard","has-post-thumbnail","hentry","category-comunicamos","category-noticias","tag-desechos-solidos","tag-ecuador","tag-educacion-ambiental","tag-lorena-tapia","tag-mae","xfolkentry"],"_links":{"self":[{"href":"https:\/\/www.ambienteyenergia.gob.ec\/ambiente\/wp-json\/wp\/v2\/posts\/22808","targetHints":{"allow":["GET"]}}],"collection":[{"href":"https:\/\/www.ambienteyenergia.gob.ec\/ambiente\/wp-json\/wp\/v2\/posts"}],"about":[{"href":"https:\/\/www.ambienteyenergia.gob.ec\/ambiente\/wp-json\/wp\/v2\/types\/post"}],"author":[{"embeddable":true,"href":"https:\/\/www.ambienteyenergia.gob.ec\/ambiente\/wp-json\/wp\/v2\/users\/13"}],"replies":[{"embeddable":true,"href":"https:\/\/www.ambienteyenergia.gob.ec\/ambiente\/wp-json\/wp\/v2\/comments?post=22808"}],"version-history":[{"count":0,"href":"https:\/\/www.ambienteyenergia.gob.ec\/ambiente\/wp-json\/wp\/v2\/posts\/22808\/revisions"}],"wp:featuredmedia":[{"embeddable":true,"href":"https:\/\/www.ambienteyenergia.gob.ec\/ambiente\/wp-json\/wp\/v2\/media\/22752"}],"wp:attachment":[{"href":"https:\/\/www.ambienteyenergia.gob.ec\/ambiente\/wp-json\/wp\/v2\/media?parent=22808"}],"wp:term":[{"taxonomy":"category","embeddable":true,"href":"https:\/\/www.ambienteyenergia.gob.ec\/ambiente\/wp-json\/wp\/v2\/categories?post=22808"},{"taxonomy":"post_tag","embeddable":true,"href":"https:\/\/www.ambienteyenergia.gob.ec\/ambiente\/wp-json\/wp\/v2\/tags?post=22808"}],"curies":[{"name":"wp","href":"https:\/\/api.w.org\/{rel}","templated":true}]}}