{"id":22800,"date":"2014-10-13T16:29:28","date_gmt":"2014-10-13T21:29:28","guid":{"rendered":"http:\/\/www.ambiente.gob.ec\/?p=22800"},"modified":"2014-10-13T16:29:28","modified_gmt":"2014-10-13T21:29:28","slug":"mae-realizo-taller-de-analisis-de-informacion-y-desarrollo-de-un-modelo-de-priorizacion-de-areas-redd","status":"publish","type":"post","link":"https:\/\/www.ambienteyenergia.gob.ec\/ambiente\/mae-realizo-taller-de-analisis-de-informacion-y-desarrollo-de-un-modelo-de-priorizacion-de-areas-redd\/","title":{"rendered":"MAE realiz\u00f3 taller de an\u00e1lisis de informaci\u00f3n y desarrollo de un modelo de priorizaci\u00f3n de \u00e1reas REDD+"},"content":{"rendered":"<p lang=\"es-EC\" align=\"JUSTIFY\"><span style=\"font-family: Calibri,sans-serif;\"><span style=\"font-size: medium;\">El Ministerio del Ambiente (MAE), a trav\u00e9s de la Subsecretar\u00eda de Cambio Clim\u00e1tico y con el apoyo del Programa Nacional Conjunto ONU-REDD, realiz\u00f3 en Quito el Taller de \u00abAn\u00e1lisis de informaci\u00f3n para la creaci\u00f3n del modelo de priorizaci\u00f3n de \u00e1reas REDD+\u00bb.<\/span><\/span><\/p>\n<p align=\"JUSTIFY\"><span style=\"font-family: Calibri,sans-serif;\"><span style=\"font-size: medium;\"><span lang=\"es-EC\">El objetivo de este <\/span><span lang=\"es-EC\">encuentro<\/span><span lang=\"es-EC\"> fue construir criterios t\u00e9cnicos entre los distintos programas y proyectos nacionales y subnacionales que pueden aportar en la definici\u00f3n de las \u00e1reas prioritarias para REDD+, en el marco de la estrategia territorial de implementaci\u00f3n del Programa Nacional REDD+ que e<\/span><span lang=\"es-EC\">sta Cartera de Estado<\/span><span lang=\"es-EC\"> desarrolla <\/span><span lang=\"es-EC\">a nivel nacional<\/span><span lang=\"es-EC\">. <\/span><\/span><\/span><\/p>\n<p lang=\"es-EC\" align=\"JUSTIFY\"><span style=\"font-family: Calibri,sans-serif;\"><span style=\"font-size: medium;\">Estos insumos servir\u00e1n como una herramienta t\u00e9cnica para diversos fines relacionados con la conservaci\u00f3n, restauraci\u00f3n y desarrollo productivo y forestal.<\/span><\/span><\/p>\n<p align=\"JUSTIFY\"><span style=\"font-family: Calibri,sans-serif;\"><span style=\"font-size: medium;\"><span lang=\"es-EC\">E<\/span><span lang=\"es-EC\">ste evento se lo desarroll\u00f3 en coordinaci\u00f3n con el Programa Socio Bosque (PSB) y la Agenda de Transformaci\u00f3n Productiva de la Amazon\u00eda (ATPA) del M<\/span><span lang=\"es-EC\">inisterio de <\/span><span lang=\"es-EC\">A<\/span><span lang=\"es-EC\">gricultura <\/span><span lang=\"es-EC\">G<\/span><span lang=\"es-EC\">anader\u00eda, <\/span><span lang=\"es-EC\">A<\/span><span lang=\"es-EC\">cuacultura y <\/span><span lang=\"es-EC\">P<\/span><span lang=\"es-EC\">esca (MAGAP)<\/span><span lang=\"es-EC\">.<\/span><\/span><\/span><\/p>\n<p align=\"JUSTIFY\"><span style=\"font-family: Calibri,sans-serif;\"><span style=\"font-size: medium;\"><span lang=\"es-EC\">Para mayor informaci\u00f3n usted se puede comunicar con Jos\u00e9 Arroyo (<\/span><\/span><\/span><a href=\"mailto:jose.arroyo@ambiente.gob.ec\" target=\"_blank\">jose.arroyo@ambiente.gob.ec<\/a><span style=\"font-family: Calibri,sans-serif;\"><span style=\"font-size: medium;\"><span lang=\"es-EC\">), o con Francisco Moscoso(<\/span><\/span><\/span><a href=\"mailto:fmoscoso@pnc-onureddecuador.org\">fmoscoso@pnc-onureddecuador.org<\/a><span style=\"font-family: Calibri,sans-serif;\"><span style=\"font-size: medium;\"><span lang=\"es-EC\">).<\/span><\/span><\/span><\/p>\n","protected":false},"excerpt":{"rendered":"<p class=\"excerpt\">El Ministerio del Ambiente (MAE), a trav\u00e9s de la Subsecretar\u00eda de Cambio Clim\u00e1tico y con el apoyo del Programa Nacional Conjunto ONU-REDD, realiz\u00f3 en Quito el Taller de \u00abAn\u00e1lisis de informaci\u00f3n para la creaci\u00f3n del modelo de priorizaci\u00f3n de \u00e1reas REDD+\u00bb. El objetivo de este encuentro fue construir criterios t\u00e9cnicos entre los distintos programas y proyectos nacionales y subnacionales que&hellip; <a href=\"https:\/\/www.ambienteyenergia.gob.ec\/ambiente\/mae-realizo-taller-de-analisis-de-informacion-y-desarrollo-de-un-modelo-de-priorizacion-de-areas-redd\/\">Read more &rarr;<\/a><\/p>\n","protected":false},"author":13,"featured_media":22752,"comment_status":"open","ping_status":"open","sticky":false,"template":"","format":"standard","meta":{"footnotes":""},"categories":[16,4],"tags":[108,53,354],"class_list":["post-22800","post","type-post","status-publish","format-standard","has-post-thumbnail","hentry","category-comunicamos","category-noticias","tag-lorena-tapia","tag-mae","tag-redd","xfolkentry"],"_links":{"self":[{"href":"https:\/\/www.ambienteyenergia.gob.ec\/ambiente\/wp-json\/wp\/v2\/posts\/22800","targetHints":{"allow":["GET"]}}],"collection":[{"href":"https:\/\/www.ambienteyenergia.gob.ec\/ambiente\/wp-json\/wp\/v2\/posts"}],"about":[{"href":"https:\/\/www.ambienteyenergia.gob.ec\/ambiente\/wp-json\/wp\/v2\/types\/post"}],"author":[{"embeddable":true,"href":"https:\/\/www.ambienteyenergia.gob.ec\/ambiente\/wp-json\/wp\/v2\/users\/13"}],"replies":[{"embeddable":true,"href":"https:\/\/www.ambienteyenergia.gob.ec\/ambiente\/wp-json\/wp\/v2\/comments?post=22800"}],"version-history":[{"count":0,"href":"https:\/\/www.ambienteyenergia.gob.ec\/ambiente\/wp-json\/wp\/v2\/posts\/22800\/revisions"}],"wp:featuredmedia":[{"embeddable":true,"href":"https:\/\/www.ambienteyenergia.gob.ec\/ambiente\/wp-json\/wp\/v2\/media\/22752"}],"wp:attachment":[{"href":"https:\/\/www.ambienteyenergia.gob.ec\/ambiente\/wp-json\/wp\/v2\/media?parent=22800"}],"wp:term":[{"taxonomy":"category","embeddable":true,"href":"https:\/\/www.ambienteyenergia.gob.ec\/ambiente\/wp-json\/wp\/v2\/categories?post=22800"},{"taxonomy":"post_tag","embeddable":true,"href":"https:\/\/www.ambienteyenergia.gob.ec\/ambiente\/wp-json\/wp\/v2\/tags?post=22800"}],"curies":[{"name":"wp","href":"https:\/\/api.w.org\/{rel}","templated":true}]}}