{"id":22798,"date":"2014-10-13T16:20:01","date_gmt":"2014-10-13T21:20:01","guid":{"rendered":"http:\/\/www.ambiente.gob.ec\/?p=22798"},"modified":"2014-10-13T16:20:01","modified_gmt":"2014-10-13T21:20:01","slug":"primer-grupo-de-trabajo-en-financiamiento-climatico-se-reunio-en-quito","status":"publish","type":"post","link":"https:\/\/www.ambienteyenergia.gob.ec\/ambiente\/primer-grupo-de-trabajo-en-financiamiento-climatico-se-reunio-en-quito\/","title":{"rendered":"Primer grupo de trabajo en Financiamiento Clim\u00e1tico se reuni\u00f3 en Quito"},"content":{"rendered":"<p style=\"margin-bottom: 0cm;\" align=\"JUSTIFY\">Con la finalidad de generar un di\u00e1logo en relaci\u00f3n con el tema de Financiamiento Clim\u00e1tico, se reuni\u00f3 el primer grupo de trabajo, en el marco del Di\u00e1logo Nacional sobre Cambio Clim\u00e1tico hacia un Acuerdo 2015, convocado por el Ministerio del Ambiente de Ecuador (MAE), Ministerio de Relaciones Exteriores y Movilidad Humana (MRREE) y con el apoyo de la Uni\u00f3n Internacional para la Conservaci\u00f3n de la Naturaleza (UICN) y la Fundaci\u00f3n Futuro Latinoamericano (FFLA).<\/p>\n<p style=\"margin-bottom: 0cm;\" align=\"JUSTIFY\">Andr\u00e9s Hubenthal, subsecretario de Cambio Clim\u00e1tico, se refiri\u00f3 durante su intervenci\u00f3n a las pol\u00edticas de adaptaci\u00f3n y mitigaci\u00f3n del cambio clim\u00e1tico que desde el Estado se generan, como el cambio de matriz energ\u00e9tica, por medio de la generaci\u00f3n de energ\u00edas limpias (hidroenerg\u00eda, e\u00f3lica) y programas como el de Cocci\u00f3n Eficiente que reemplazar\u00e1 el uso de gas licuado de petr\u00f3leo (GLP) por energ\u00eda el\u00e9ctrica, programas de restauraci\u00f3n de \u00e1reas degradadas, entre otros. \u201cSi bien el Ecuador no genera emisiones de manera significativa, realiza esfuerzos muy importantes\u201d. \u201cLos proyectos que generamos desde el MAE, generan resultados concretos y tangibles\u201d, agreg\u00f3.<\/p>\n<p style=\"margin-bottom: 0cm;\" align=\"JUSTIFY\">En el bloque de presentaciones, Andr\u00e9s Mogro, funcionario de la Subsecretar\u00eda de Cambio Clim\u00e1tico del MAE, expuso el estado de avance de las discusiones internacionales sobre financiamiento clim\u00e1tico (decisiones m\u00e1s relevantes de la Conferencias de las Partes -COP, Fondo Verde Clim\u00e1tico y mecanismo financiero existente bajo la Convenci\u00f3n Marco de las Naciones Unidas sobre el Cambio Clim\u00e1tico -CMNUCC). \u201cLa COP de Lima es la oportunidad m\u00e1s grande para los pa\u00edses en desarrollo y para nosotros, de plasmar nuestras prioridades y lo que buscamos en la arquitectura financiera internacional de cambio clim\u00e1tico antes de que se acuerde un nuevo instrumento en 2015\u201d, afirm\u00f3.<\/p>\n<p style=\"margin-bottom: 0cm;\" align=\"JUSTIFY\">\u00c1ngel Valverde, director nacional de Mitigaci\u00f3n del Cambio Clim\u00e1tico, present\u00f3 el Financiamiento Clim\u00e1tico a nivel nacional (situaci\u00f3n actual, lecciones y experiencias, dificultades, rol de los actores y coordinaci\u00f3n subnacional).<\/p>\n<p style=\"margin-bottom: 0cm;\" align=\"JUSTIFY\">Adicionalmente, Canciller\u00eda inform\u00f3 a los participantes sobre los principales resultados de la Cumbre del Clima que se realiz\u00f3 hace poco en Nueva York.<\/p>\n<p style=\"margin-bottom: 0cm;\" align=\"JUSTIFY\">El grupo de trabajo sobre financiamiento clim\u00e1tico permiti\u00f3 plantear necesidades como pa\u00eds referentes al Financiamiento Clim\u00e1tico y generar propuestas sobre este tema desde los diversos sectores para robustecer la posici\u00f3n nacional del Ecuador sobre cambio clim\u00e1tico.<\/p>\n<p align=\"JUSTIFY\">El proceso del Di\u00e1logo Nacional contar\u00e1 con grupos de trabajo en adaptaci\u00f3n, mitigaci\u00f3n, tecnolog\u00eda y fortalecimiento de capacidades en los pr\u00f3ximos meses con miras al acuerdo 2015 de cambio clim\u00e1tico.<\/p>\n<p align=\"JUSTIFY\">\n","protected":false},"excerpt":{"rendered":"<p class=\"excerpt\">Con la finalidad de generar un di\u00e1logo en relaci\u00f3n con el tema de Financiamiento Clim\u00e1tico, se reuni\u00f3 el primer grupo de trabajo, en el marco del Di\u00e1logo Nacional sobre Cambio Clim\u00e1tico hacia un Acuerdo 2015, convocado por el Ministerio del Ambiente de Ecuador (MAE), Ministerio de Relaciones Exteriores y Movilidad Humana (MRREE) y con el apoyo de la Uni\u00f3n Internacional&hellip; <a href=\"https:\/\/www.ambienteyenergia.gob.ec\/ambiente\/primer-grupo-de-trabajo-en-financiamiento-climatico-se-reunio-en-quito\/\">Read more &rarr;<\/a><\/p>\n","protected":false},"author":13,"featured_media":22752,"comment_status":"open","ping_status":"open","sticky":false,"template":"","format":"standard","meta":{"footnotes":""},"categories":[16,4],"tags":[133,108,53],"class_list":["post-22798","post","type-post","status-publish","format-standard","has-post-thumbnail","hentry","category-comunicamos","category-noticias","tag-cambio-climatico","tag-lorena-tapia","tag-mae","xfolkentry"],"_links":{"self":[{"href":"https:\/\/www.ambienteyenergia.gob.ec\/ambiente\/wp-json\/wp\/v2\/posts\/22798","targetHints":{"allow":["GET"]}}],"collection":[{"href":"https:\/\/www.ambienteyenergia.gob.ec\/ambiente\/wp-json\/wp\/v2\/posts"}],"about":[{"href":"https:\/\/www.ambienteyenergia.gob.ec\/ambiente\/wp-json\/wp\/v2\/types\/post"}],"author":[{"embeddable":true,"href":"https:\/\/www.ambienteyenergia.gob.ec\/ambiente\/wp-json\/wp\/v2\/users\/13"}],"replies":[{"embeddable":true,"href":"https:\/\/www.ambienteyenergia.gob.ec\/ambiente\/wp-json\/wp\/v2\/comments?post=22798"}],"version-history":[{"count":0,"href":"https:\/\/www.ambienteyenergia.gob.ec\/ambiente\/wp-json\/wp\/v2\/posts\/22798\/revisions"}],"wp:featuredmedia":[{"embeddable":true,"href":"https:\/\/www.ambienteyenergia.gob.ec\/ambiente\/wp-json\/wp\/v2\/media\/22752"}],"wp:attachment":[{"href":"https:\/\/www.ambienteyenergia.gob.ec\/ambiente\/wp-json\/wp\/v2\/media?parent=22798"}],"wp:term":[{"taxonomy":"category","embeddable":true,"href":"https:\/\/www.ambienteyenergia.gob.ec\/ambiente\/wp-json\/wp\/v2\/categories?post=22798"},{"taxonomy":"post_tag","embeddable":true,"href":"https:\/\/www.ambienteyenergia.gob.ec\/ambiente\/wp-json\/wp\/v2\/tags?post=22798"}],"curies":[{"name":"wp","href":"https:\/\/api.w.org\/{rel}","templated":true}]}}