{"id":22796,"date":"2014-10-13T12:39:35","date_gmt":"2014-10-13T17:39:35","guid":{"rendered":"http:\/\/www.ambiente.gob.ec\/?p=22796"},"modified":"2014-10-13T12:39:35","modified_gmt":"2014-10-13T17:39:35","slug":"por-primera-vez-en-latinoamerica-ecuador-sera-sede-de-la-convencion-sobre-conservacion-de-especies-migratorias-de-animales-silvestres-de-naciones-unidas","status":"publish","type":"post","link":"https:\/\/www.ambienteyenergia.gob.ec\/ambiente\/por-primera-vez-en-latinoamerica-ecuador-sera-sede-de-la-convencion-sobre-conservacion-de-especies-migratorias-de-animales-silvestres-de-naciones-unidas\/","title":{"rendered":"Por primera vez en Latinoam\u00e9rica, Ecuador ser\u00e1 sede de la Convenci\u00f3n sobre Conservaci\u00f3n  de Especies Migratorias de Animales Silvestres de Naciones Unidas"},"content":{"rendered":"<p style=\"text-align: justify;\">Cada a\u00f1o, entre junio y septiembre, cientos de ballenas jorobadas llegan desde la\u00a0Ant\u00e1rtida\u00a0a las costas ecuatorianas, ofreciendo un magn\u00edfico espect\u00e1culo a los turistas nacionales y extranjeros que acuden a observarlas. Estos mam\u00edferos recorren aproximadamente 8 000 kil\u00f3metros en busca de las corrientes c\u00e1lidas, que ofrece nuestro pa\u00eds y que son id\u00f3neas para su reproducci\u00f3n.<\/p>\n<p>Adem\u00e1s de las ballenas, \u201cEcuador recibe cerca de 227 especies migratorias entre aves, mam\u00edferos, reptiles y peces, mismas que visitan las diferentes regiones en busca de alimentaci\u00f3n, reproducci\u00f3n o anidamiento gracias a la conservaci\u00f3n de ecosistemas\u00a0megadiversos\u00a0que se distribuyen en Sierra, Costa,\u00a0Amazon\u00eda\u00a0y Regi\u00f3n Insular\u201d, recalca la Ministra de Ambiente del Ecuador,\u00a0Lorena\u00a0Tapia.<\/p>\n<p>Por su riqueza en especies migratorias y por contemplar los Derechos de la Naturaleza en su Constituci\u00f3n, Ecuador fue elegido por sobre Filipinas para ser el pa\u00eds anfitri\u00f3n de la\u00a0XIConferencia de las Partes, en el marco de la Convenci\u00f3n sobre Conservaci\u00f3n de Especies Migratorias de Animales Silvestres (CMS). Este evento se desarrollar\u00e1 entre el 4 y el\u00a09 de noviembre\u00a0de 2014, en Quito, con la presencia de aproximadamente 700 delegados de m\u00e1s de 119 naciones.<\/p>\n<p>Como parte de las actividades a desarrollarse en esta conferencia, el Gobierno de Costa Rica y Ecuador prev\u00e9n realizar una propuesta para incluir al Tibur\u00f3n Martillo Com\u00fan (Sphyrna\u00a0lewini) y Gigante (Sphyrna\u00a0mokarran) en el ap\u00e9ndice\u00a0II\u00a0de la\u00a0CMS, con el objetivo de generar pol\u00edticas regionales que promuevan la disminuci\u00f3n en las amenazas como la pesca global extensiva, el desarrollo costero y el crecimiento de la poblaci\u00f3n humana han disminuido\u00a0h\u00e1bitats\u00a0naturales y corredores migratorios, razones por las que ha disminuido la poblaci\u00f3n de estos\u00a0espec\u00edmenes\u00a0en los \u00faltimos a\u00f1os.<\/p>\n<p>Por otro lado, se busca integrar a las especies\u00a0Playerito\u00a0Semipalmeado\u00a0(Calidris\u00a0pusilla) y\u00a0Reinita\u00a0Canadiense (Cardellina\u00a0canadensis) en los ap\u00e9ndices I y\u00a0II\u00a0de la\u00a0CMS, como medida para lograr la conservaci\u00f3n de sus\u00a0h\u00e1bitats\u00a0naturales y corredores migratorios, evitando la caza ilegal y destrucci\u00f3n de sus ecosistemas.<\/p>\n<p>La Convenci\u00f3n es un tratado internacional del Programa de las Naciones Unidas para la Protecci\u00f3n del Ambiente, que busca asegurar la supervivencia de las especies migratorias y sus\u00a0h\u00e1bitats, a trav\u00e9s de la aplicaci\u00f3n de mecanismos locales e internacionales. La\u00a0CMS\u00a0re\u00fane a los Estados por los que recorren los animales migratorios y establece las bases legales para medidas de conservaci\u00f3n coordinadas internacionalmente, mediante un \u00e1rea de migraci\u00f3n.<\/p>\n<p>En noviembre de 2013, durante la Reuni\u00f3n del Comit\u00e9 Permanente de la Convenci\u00f3n sobre la Protecci\u00f3n de Especies Migratorias de Animales Silvestres, en\u00a0Bonn\u00a0\u2013 Alemania, se analizaron las opciones de sede de la d\u00e9cima primera Conferencia de las Partes (COP11) de este instrumento internacional.<\/p>\n","protected":false},"excerpt":{"rendered":"<p class=\"excerpt\">Cada a\u00f1o, entre junio y septiembre, cientos de ballenas jorobadas llegan desde la\u00a0Ant\u00e1rtida\u00a0a las costas ecuatorianas, ofreciendo un magn\u00edfico espect\u00e1culo a los turistas nacionales y extranjeros que acuden a observarlas. Estos mam\u00edferos recorren aproximadamente 8 000 kil\u00f3metros en busca de las corrientes c\u00e1lidas, que ofrece nuestro pa\u00eds y que son id\u00f3neas para su reproducci\u00f3n. Adem\u00e1s de las ballenas, \u201cEcuador recibe&hellip; <a href=\"https:\/\/www.ambienteyenergia.gob.ec\/ambiente\/por-primera-vez-en-latinoamerica-ecuador-sera-sede-de-la-convencion-sobre-conservacion-de-especies-migratorias-de-animales-silvestres-de-naciones-unidas\/\">Read more &rarr;<\/a><\/p>\n","protected":false},"author":13,"featured_media":22689,"comment_status":"open","ping_status":"open","sticky":false,"template":"","format":"standard","meta":{"footnotes":""},"categories":[16,4],"tags":[],"class_list":["post-22796","post","type-post","status-publish","format-standard","has-post-thumbnail","hentry","category-comunicamos","category-noticias","xfolkentry"],"_links":{"self":[{"href":"https:\/\/www.ambienteyenergia.gob.ec\/ambiente\/wp-json\/wp\/v2\/posts\/22796","targetHints":{"allow":["GET"]}}],"collection":[{"href":"https:\/\/www.ambienteyenergia.gob.ec\/ambiente\/wp-json\/wp\/v2\/posts"}],"about":[{"href":"https:\/\/www.ambienteyenergia.gob.ec\/ambiente\/wp-json\/wp\/v2\/types\/post"}],"author":[{"embeddable":true,"href":"https:\/\/www.ambienteyenergia.gob.ec\/ambiente\/wp-json\/wp\/v2\/users\/13"}],"replies":[{"embeddable":true,"href":"https:\/\/www.ambienteyenergia.gob.ec\/ambiente\/wp-json\/wp\/v2\/comments?post=22796"}],"version-history":[{"count":0,"href":"https:\/\/www.ambienteyenergia.gob.ec\/ambiente\/wp-json\/wp\/v2\/posts\/22796\/revisions"}],"wp:featuredmedia":[{"embeddable":true,"href":"https:\/\/www.ambienteyenergia.gob.ec\/ambiente\/wp-json\/wp\/v2\/media\/22689"}],"wp:attachment":[{"href":"https:\/\/www.ambienteyenergia.gob.ec\/ambiente\/wp-json\/wp\/v2\/media?parent=22796"}],"wp:term":[{"taxonomy":"category","embeddable":true,"href":"https:\/\/www.ambienteyenergia.gob.ec\/ambiente\/wp-json\/wp\/v2\/categories?post=22796"},{"taxonomy":"post_tag","embeddable":true,"href":"https:\/\/www.ambienteyenergia.gob.ec\/ambiente\/wp-json\/wp\/v2\/tags?post=22796"}],"curies":[{"name":"wp","href":"https:\/\/api.w.org\/{rel}","templated":true}]}}