{"id":22793,"date":"2014-10-13T09:32:00","date_gmt":"2014-10-13T14:32:00","guid":{"rendered":"http:\/\/www.ambiente.gob.ec\/?p=22793"},"modified":"2014-10-13T09:32:00","modified_gmt":"2014-10-13T14:32:00","slug":"mae-y-secretaria-de-riesgos-realizan-plantacion-forestal-en-la-reserva-chimborazo","status":"publish","type":"post","link":"https:\/\/www.ambienteyenergia.gob.ec\/ambiente\/mae-y-secretaria-de-riesgos-realizan-plantacion-forestal-en-la-reserva-chimborazo\/","title":{"rendered":"MAE y Secretaria de Riesgos realizan plantaci\u00f3n forestal en la Reserva Chimborazo"},"content":{"rendered":"<p style=\"text-align: justify;\">El Ministerio del Ambiente de Ecuador (MAE) y la Coordinaci\u00f3n Zonal 3 de Gesti\u00f3n de Riesgos realizaron la plantaci\u00f3n de 100 especies forestales nativas en la Cooperativa Santa Teresita de Guabug, zona de amortiguamiento colindante con el \u00c1rea Protegida, Reserva de Producci\u00f3n de Fauna Chimborazo.<\/p>\n<p style=\"text-align: justify;\">\n186,04 hect\u00e1reas de flora y fauna fueron afectadas por el flagelo, entre ellas: almohadillas (Plantago rigida), pajonales, conejos de p\u00e1ramo y peque\u00f1os parches de \u00e1rboles nativos de la especie yagual (Polylepis reticulata.<\/p>\n<p style=\"text-align: justify;\">\nPor esta raz\u00f3n se efectu\u00f3 la forestaci\u00f3n de 2 000m2 con la participaci\u00f3n de los Bomberos, Cruz\u00a0 Roja, Ej\u00e9rcito Ecuatoriano, estudiantes y comuneros del sector afectado como parte de la campa\u00f1a denominada cero fuegos impulsada por el MAE y el programa de prevenci\u00f3n de incendios forestales que la Secretaria de Riesgos lleva a cabo.<\/p>\n<p style=\"text-align: justify;\">\nAl finalizar esta actividad, los estudiantes mostraron carteles con mensajes alusivos al cuidado del ambiente y se comprometieron a contribuir con acciones ambientales desde sus casas y escuelas.<br \/>\nLas investigaciones sobre este particular contin\u00faan para determinar y sancionar a los culpables que provocaron el incendio y atentaron contra la naturaleza.<\/p>\n","protected":false},"excerpt":{"rendered":"<p class=\"excerpt\">El Ministerio del Ambiente de Ecuador (MAE) y la Coordinaci\u00f3n Zonal 3 de Gesti\u00f3n de Riesgos realizaron la plantaci\u00f3n de 100 especies forestales nativas en la Cooperativa Santa Teresita de Guabug, zona de amortiguamiento colindante con el \u00c1rea Protegida, Reserva de Producci\u00f3n de Fauna Chimborazo. 186,04 hect\u00e1reas de flora y fauna fueron afectadas por el flagelo, entre ellas: almohadillas (Plantago&hellip; <a href=\"https:\/\/www.ambienteyenergia.gob.ec\/ambiente\/mae-y-secretaria-de-riesgos-realizan-plantacion-forestal-en-la-reserva-chimborazo\/\">Read more &rarr;<\/a><\/p>\n","protected":false},"author":13,"featured_media":22794,"comment_status":"open","ping_status":"open","sticky":false,"template":"","format":"standard","meta":{"footnotes":""},"categories":[16,4],"tags":[],"class_list":["post-22793","post","type-post","status-publish","format-standard","has-post-thumbnail","hentry","category-comunicamos","category-noticias","xfolkentry"],"_links":{"self":[{"href":"https:\/\/www.ambienteyenergia.gob.ec\/ambiente\/wp-json\/wp\/v2\/posts\/22793","targetHints":{"allow":["GET"]}}],"collection":[{"href":"https:\/\/www.ambienteyenergia.gob.ec\/ambiente\/wp-json\/wp\/v2\/posts"}],"about":[{"href":"https:\/\/www.ambienteyenergia.gob.ec\/ambiente\/wp-json\/wp\/v2\/types\/post"}],"author":[{"embeddable":true,"href":"https:\/\/www.ambienteyenergia.gob.ec\/ambiente\/wp-json\/wp\/v2\/users\/13"}],"replies":[{"embeddable":true,"href":"https:\/\/www.ambienteyenergia.gob.ec\/ambiente\/wp-json\/wp\/v2\/comments?post=22793"}],"version-history":[{"count":0,"href":"https:\/\/www.ambienteyenergia.gob.ec\/ambiente\/wp-json\/wp\/v2\/posts\/22793\/revisions"}],"wp:featuredmedia":[{"embeddable":true,"href":"https:\/\/www.ambienteyenergia.gob.ec\/ambiente\/wp-json\/wp\/v2\/media\/22794"}],"wp:attachment":[{"href":"https:\/\/www.ambienteyenergia.gob.ec\/ambiente\/wp-json\/wp\/v2\/media?parent=22793"}],"wp:term":[{"taxonomy":"category","embeddable":true,"href":"https:\/\/www.ambienteyenergia.gob.ec\/ambiente\/wp-json\/wp\/v2\/categories?post=22793"},{"taxonomy":"post_tag","embeddable":true,"href":"https:\/\/www.ambienteyenergia.gob.ec\/ambiente\/wp-json\/wp\/v2\/tags?post=22793"}],"curies":[{"name":"wp","href":"https:\/\/api.w.org\/{rel}","templated":true}]}}