{"id":22772,"date":"2014-10-09T12:47:02","date_gmt":"2014-10-09T17:47:02","guid":{"rendered":"http:\/\/www.ambiente.gob.ec\/?p=22772"},"modified":"2014-10-09T12:47:02","modified_gmt":"2014-10-09T17:47:02","slug":"guayaquil-un-espacio-verde-para-disfrutar-durante-el-feriado","status":"publish","type":"post","link":"https:\/\/www.ambienteyenergia.gob.ec\/ambiente\/guayaquil-un-espacio-verde-para-disfrutar-durante-el-feriado\/","title":{"rendered":"Guayaquil, un espacio verde para disfrutar durante el feriado"},"content":{"rendered":"<p style=\"text-align: justify;\">Disfrutar de este feriado, en el que se celebra los 194 a\u00f1os de Independencia de Guayaquil, el Ministerio del ambiente (MAE)\u00a0 ofrece varias opciones tur\u00edsticas a miles de visitantes nacionales y extranjeros que buscan descanso y contacto con la naturaleza.<\/p>\n<p>En la Perla del Pac\u00edfico, sobre el r\u00edo Guayas, se encuentra su principal atractivo natural, el \u00c1rea Nacional de Recreaci\u00f3n Isla Santay e Isla del Gallo. Estos dos pasos peatonales uno\u00a0 desde Guayaquil (calles El Oro y la r\u00eda) y el otro desde Dur\u00e1n (cdla. Abel Gilbert 3 y malec\u00f3n), permiten a los visitantes por bosques de manglar y disfrutar de aire puro.<\/p>\n<p>Desde ambos puentes se pueden realizar caminatas familiares mientras se disfruta del avistamiento de aves como el hornero del pac\u00edfico, lora cabecirroja, negro fino, negro manglero, garzas, patos silvestres y \u00e1guila pescadora, mariposas, insectos y reptiles.<\/p>\n<p>Los recorridos pueden ser en bicicleta, ya sean propias o alquiladas, desde Dur\u00e1n con un trayecto de 6 kil\u00f3metros y desde Guayaquil algo m\u00e1s de 3 kil\u00f3metros hasta la ecoaldea y viceversa.<\/p>\n<p>Adentrados en este ambiente natural, los turistas pueden degustar exquisitos platos t\u00edpicos como pescado frito, seco de gallina, patacones o maduro con queso, bollo, jugo de coco, entre otras delicias que deleitan el paladar, en el restaurant o en los paraderos tur\u00edsticos de la ecoaldea.<\/p>\n<p>Si los visitantes prefieren, los comuneros ofrecen la opci\u00f3n del retorno fluvial desde la ecoaldea hasta la ciudad, cuyas embarcaciones salen del muelle de Santay hasta el Yacht Club Naval, en el malec\u00f3n de Guayaquil y viceversa.<\/p>\n<p>Dirigi\u00e9ndose hacia la v\u00eda a la Costa, exactamente en el kil\u00f3metro 26, el MAE invita a conocer el \u00c1rea Nacional de Recreaci\u00f3n Parque Lago, una zona campestre que brinda espacios de sano esparcimiento, en los que se pueden realizar caminatas sobre la cinta asf\u00e1ltica, paseo en bicicletas, trote, observaci\u00f3n de aves y picnics.<\/p>\n<p>A unos 106 kil\u00f3metros del Puerto Principal, est\u00e1 el Refugio de Vida Silvestre Manglares El Morro. En esta parroquia urbana de Guayaquil, los comuneros ofrecen paseos tur\u00edsticos por el estuario, para observar las diversas aves marinas como las fragatas, pel\u00edcanos, garzas, pero su principal atractivo es el avistamiento de delfines nariz de botella que est\u00e1n por la zona.<\/p>\n<p><strong>Cerca de Guayaquil<\/strong><br \/>\nA 45 minutos de Guayaquil, en el kil\u00f3metro 49 de la v\u00eda a Puerto Inca \u2013 Machala, se abren las puertas de la Reserva Ecol\u00f3gica Manglares Churute. Un espacio m\u00e1s silvestre por su gran vegetaci\u00f3n compuesta de 700 especies de plantas, que incluyen cinco especies de mangle.<\/p>\n<p>Con aproximadamente 300 especies de aves entre migratorias y nativas, que habitan los senderos La Flora, Aulladores, El Mirador, El Mate, la Isla de los P\u00e1jaros y la ruta fluvial en el estuario del r\u00edo Ulpiano, los exploradores tienen varias opci\u00f3n a su elecci\u00f3n.<\/p>\n<p>Se ofrece caba\u00f1as de hospedaje dentro de la reserva, junto al \u00e1rea administrativa. Para los m\u00e1s aventureros es posible acampar en este mismo sector, si el visitante cuenta con los equipos necesarios.<\/p>\n<p><strong>Consejos pr\u00e1cticos<\/strong><\/p>\n<p>\u2022\u00a0\u00a0 \u00a0Acudir en ropa c\u00f3moda, deportiva, para facilitar la caminata.<br \/>\n\u2022\u00a0\u00a0 \u00a0Protegerse con gorra, gafas, repelente, bloqueador solar.<br \/>\n\u2022\u00a0\u00a0 \u00a0Llevar previsiones de agua durante los recorridos.<br \/>\n\u2022\u00a0\u00a0 \u00a0No arrojar basura en las \u00e1reas naturales, guardarla hasta depositarla en un tacho de basura.<br \/>\n\u2022\u00a0\u00a0 \u00a0No sacar o introducir especies de flora o fauna en las \u00e1reas protegidas.<br \/>\n\u2022\u00a0\u00a0 \u00a0No dar de comer a los animales.<br \/>\n\u2022\u00a0\u00a0 \u00a0No salirse del sendero.<br \/>\n\u2022\u00a0\u00a0 \u00a0Llevar binoculares para el avistamiento de aves y otras especies.<br \/>\n\u2022\u00a0\u00a0 \u00a0Llevar la c\u00e1mara fotogr\u00e1fica para que se lleve los recuerdos de su paso por las \u00e1reas protegidas.<\/p>\n<p style=\"text-align: justify;\"><a href=\"http:\/\/www.ambienteyenergia.gob.ec\/ambiente\/wp-content\/uploads\/2014\/10\/arte-guayaquil.jpg\"><img loading=\"lazy\" decoding=\"async\" class=\"aligncenter size-large wp-image-22774\" src=\"http:\/\/www.ambienteyenergia.gob.ec\/ambiente\/wp-content\/uploads\/2014\/10\/arte-guayaquil-1024x720.jpg\" alt=\"arte-guayaquil\" width=\"584\" height=\"410\" srcset=\"https:\/\/www.ambienteyenergia.gob.ec\/ambiente\/wp-content\/uploads\/sites\/2\/2014\/10\/arte-guayaquil-1024x720.jpg 1024w, https:\/\/www.ambienteyenergia.gob.ec\/ambiente\/wp-content\/uploads\/sites\/2\/2014\/10\/arte-guayaquil-300x211.jpg 300w, https:\/\/www.ambienteyenergia.gob.ec\/ambiente\/wp-content\/uploads\/sites\/2\/2014\/10\/arte-guayaquil-426x300.jpg 426w, https:\/\/www.ambienteyenergia.gob.ec\/ambiente\/wp-content\/uploads\/sites\/2\/2014\/10\/arte-guayaquil.jpg 1500w\" sizes=\"auto, (max-width: 584px) 100vw, 584px\" \/><\/a><\/p>\n","protected":false},"excerpt":{"rendered":"<p class=\"excerpt\">Disfrutar de este feriado, en el que se celebra los 194 a\u00f1os de Independencia de Guayaquil, el Ministerio del ambiente (MAE)\u00a0 ofrece varias opciones tur\u00edsticas a miles de visitantes nacionales y extranjeros que buscan descanso y contacto con la naturaleza. En la Perla del Pac\u00edfico, sobre el r\u00edo Guayas, se encuentra su principal atractivo natural, el \u00c1rea Nacional de Recreaci\u00f3n&hellip; <a href=\"https:\/\/www.ambienteyenergia.gob.ec\/ambiente\/guayaquil-un-espacio-verde-para-disfrutar-durante-el-feriado\/\">Read more &rarr;<\/a><\/p>\n","protected":false},"author":13,"featured_media":22773,"comment_status":"open","ping_status":"open","sticky":false,"template":"","format":"standard","meta":{"footnotes":""},"categories":[16,4],"tags":[],"class_list":["post-22772","post","type-post","status-publish","format-standard","has-post-thumbnail","hentry","category-comunicamos","category-noticias","xfolkentry"],"_links":{"self":[{"href":"https:\/\/www.ambienteyenergia.gob.ec\/ambiente\/wp-json\/wp\/v2\/posts\/22772","targetHints":{"allow":["GET"]}}],"collection":[{"href":"https:\/\/www.ambienteyenergia.gob.ec\/ambiente\/wp-json\/wp\/v2\/posts"}],"about":[{"href":"https:\/\/www.ambienteyenergia.gob.ec\/ambiente\/wp-json\/wp\/v2\/types\/post"}],"author":[{"embeddable":true,"href":"https:\/\/www.ambienteyenergia.gob.ec\/ambiente\/wp-json\/wp\/v2\/users\/13"}],"replies":[{"embeddable":true,"href":"https:\/\/www.ambienteyenergia.gob.ec\/ambiente\/wp-json\/wp\/v2\/comments?post=22772"}],"version-history":[{"count":0,"href":"https:\/\/www.ambienteyenergia.gob.ec\/ambiente\/wp-json\/wp\/v2\/posts\/22772\/revisions"}],"wp:featuredmedia":[{"embeddable":true,"href":"https:\/\/www.ambienteyenergia.gob.ec\/ambiente\/wp-json\/wp\/v2\/media\/22773"}],"wp:attachment":[{"href":"https:\/\/www.ambienteyenergia.gob.ec\/ambiente\/wp-json\/wp\/v2\/media?parent=22772"}],"wp:term":[{"taxonomy":"category","embeddable":true,"href":"https:\/\/www.ambienteyenergia.gob.ec\/ambiente\/wp-json\/wp\/v2\/categories?post=22772"},{"taxonomy":"post_tag","embeddable":true,"href":"https:\/\/www.ambienteyenergia.gob.ec\/ambiente\/wp-json\/wp\/v2\/tags?post=22772"}],"curies":[{"name":"wp","href":"https:\/\/api.w.org\/{rel}","templated":true}]}}