{"id":22767,"date":"2014-10-09T12:04:48","date_gmt":"2014-10-09T17:04:48","guid":{"rendered":"http:\/\/www.ambiente.gob.ec\/?p=22767"},"modified":"2014-10-09T12:04:57","modified_gmt":"2014-10-09T17:04:57","slug":"ae-decomisa-2473-m3-de-madera-en-orellana","status":"publish","type":"post","link":"https:\/\/www.ambienteyenergia.gob.ec\/ambiente\/ae-decomisa-2473-m3-de-madera-en-orellana\/","title":{"rendered":"MAE decomisa 24,73 m3 de madera en Orellana"},"content":{"rendered":"<p style=\"text-align: justify;\">La semana pasada, el Ministerio del Ambiente de Ecuador (MAE), a trav\u00e9s de la Direcci\u00f3n provincial de Orellana (DPAO) conjuntamente la Unidad de Protecci\u00f3n del Medio Ambiente (UPMA) de la Polic\u00eda Nacional, Puesto de Control Fijo y Personal militar de la Brigada de selva 19 Napo, realizaron varios operativos en la v\u00eda a Loreto &#8211; Joya de los Sachas.<\/p>\n<p>Durante las inspecciones a centros de acopios clandestino, se decomis\u00f3 24,73 metros c\u00fabicos de madera que no contaba con la documentaci\u00f3n de procedencia, ni los permisos de tenencia legal\u00a0 de diferentes especies como chuncho, canelo,laurel y b\u00e1lsamo; esta ultima especie se encuentra como condicionada, debido a que su poblaci\u00f3n es reducida.<\/p>\n<p>La madera retenida se encuentra en los patios de madera en la Brigada de Selva 19 Napo, hasta que se determine su proceso administrativo correspondiente.<\/p>\n<p>Los operativos de control forestal van a continuar en Orellana con el objetivo de disminuir el trafico de madera y la deforestaci\u00f3n, debido a que en esta provincia amaz\u00f3nica ha aumentado la comercializaci\u00f3n de producto forestal ilegal y los lugares de acopio clandestinos.<\/p>\n<p>La Oficina T\u00e9cnica Coca organiza operativos de control forestal y destino final por los distintos sectores de la provincia.<\/p>\n","protected":false},"excerpt":{"rendered":"<p class=\"excerpt\">La semana pasada, el Ministerio del Ambiente de Ecuador (MAE), a trav\u00e9s de la Direcci\u00f3n provincial de Orellana (DPAO) conjuntamente la Unidad de Protecci\u00f3n del Medio Ambiente (UPMA) de la Polic\u00eda Nacional, Puesto de Control Fijo y Personal militar de la Brigada de selva 19 Napo, realizaron varios operativos en la v\u00eda a Loreto &#8211; Joya de los Sachas. Durante&hellip; <a href=\"https:\/\/www.ambienteyenergia.gob.ec\/ambiente\/ae-decomisa-2473-m3-de-madera-en-orellana\/\">Read more &rarr;<\/a><\/p>\n","protected":false},"author":13,"featured_media":22768,"comment_status":"open","ping_status":"open","sticky":false,"template":"","format":"standard","meta":{"footnotes":""},"categories":[16,4],"tags":[],"class_list":["post-22767","post","type-post","status-publish","format-standard","has-post-thumbnail","hentry","category-comunicamos","category-noticias","xfolkentry"],"_links":{"self":[{"href":"https:\/\/www.ambienteyenergia.gob.ec\/ambiente\/wp-json\/wp\/v2\/posts\/22767","targetHints":{"allow":["GET"]}}],"collection":[{"href":"https:\/\/www.ambienteyenergia.gob.ec\/ambiente\/wp-json\/wp\/v2\/posts"}],"about":[{"href":"https:\/\/www.ambienteyenergia.gob.ec\/ambiente\/wp-json\/wp\/v2\/types\/post"}],"author":[{"embeddable":true,"href":"https:\/\/www.ambienteyenergia.gob.ec\/ambiente\/wp-json\/wp\/v2\/users\/13"}],"replies":[{"embeddable":true,"href":"https:\/\/www.ambienteyenergia.gob.ec\/ambiente\/wp-json\/wp\/v2\/comments?post=22767"}],"version-history":[{"count":0,"href":"https:\/\/www.ambienteyenergia.gob.ec\/ambiente\/wp-json\/wp\/v2\/posts\/22767\/revisions"}],"wp:featuredmedia":[{"embeddable":true,"href":"https:\/\/www.ambienteyenergia.gob.ec\/ambiente\/wp-json\/wp\/v2\/media\/22768"}],"wp:attachment":[{"href":"https:\/\/www.ambienteyenergia.gob.ec\/ambiente\/wp-json\/wp\/v2\/media?parent=22767"}],"wp:term":[{"taxonomy":"category","embeddable":true,"href":"https:\/\/www.ambienteyenergia.gob.ec\/ambiente\/wp-json\/wp\/v2\/categories?post=22767"},{"taxonomy":"post_tag","embeddable":true,"href":"https:\/\/www.ambienteyenergia.gob.ec\/ambiente\/wp-json\/wp\/v2\/tags?post=22767"}],"curies":[{"name":"wp","href":"https:\/\/api.w.org\/{rel}","templated":true}]}}