{"id":22765,"date":"2014-10-09T12:03:16","date_gmt":"2014-10-09T17:03:16","guid":{"rendered":"http:\/\/www.ambiente.gob.ec\/?p=22765"},"modified":"2014-10-17T09:44:21","modified_gmt":"2014-10-17T14:44:21","slug":"ecuador-un-pais-megadiverso-y-comprometido-con-el-cuidado-del-medio-ambiente","status":"publish","type":"post","link":"https:\/\/www.ambienteyenergia.gob.ec\/ambiente\/ecuador-un-pais-megadiverso-y-comprometido-con-el-cuidado-del-medio-ambiente\/","title":{"rendered":"Ecuador, un pa\u00eds megadiverso y comprometido con el cuidado del medio ambiente"},"content":{"rendered":"<p style=\"text-align: justify;\">Johannes Stahl, representante del secretario ejecutivo de la CMS, calific\u00f3 al Ecuador como pa\u00eds l\u00edder en temas medioambientales, siendo \u00e9sta una de las razones para que la Convenci\u00f3n sobre la conservaci\u00f3n de las especies migratorias de animales silvestres (CMS) escoja a nuestro pa\u00eds como sede de la und\u00e9cima reuni\u00f3n de la conferencia de las partes (COP) que se realiza cada tres a\u00f1os con el fin de contribuir a la conservaci\u00f3n de especies migratorias en todo el mundo.<\/p>\n<p style=\"text-align: justify;\">El representante de la CMS se siente satisfecho de los avances que el Ecuador ha tenido en los \u00faltimos a\u00f1os como miembro activo de este importante organismo; adem\u00e1s de todas las facilidades que el pa\u00eds ha otorgado para llevar adelante la COP11.<\/p>\n<p style=\"text-align: justify;\">M\u00e1s de 60 temas ser\u00e1n tratados durante la convenci\u00f3n; donde se espera la participaci\u00f3n de al menos 500 delegados del mundo. Tem\u00e1ticas como la basura marina, crimen de la vida silvestre, planes de acci\u00f3n para proteger a las especies migratorias en peligro de extinci\u00f3n, forman parte ya de la agenda que se cumplir\u00e1 del 4 al 9 de noviembre.<\/p>\n<p style=\"text-align: justify;\">Adem\u00e1s, Johannes Stahl se\u00f1al\u00f3 la importancia de reafirmar el convenio entre los pa\u00edses miembros \u201cEste convenio funciona como un contrato internacional entre los diferentes pa\u00edses. Cada 3 a\u00f1os nos reunimos para revisar el progreso que han hecho cada uno de ellos en cuanto a la conservaci\u00f3n de especies migratorias y al mismo tiempo se plantean nuevos retos a cumplir en los pr\u00f3ximos tres a\u00f1os\u201d<\/p>\n<p style=\"text-align: justify;\">Por ahora se trabaja en los \u00faltimos detalles de lo que ser\u00e1 la XI Convenci\u00f3n sobre la conservaci\u00f3n de especies migratorias de animales silvestres; que sin duda pondr\u00e1 al Ecuador bajo los ojos del mundo.<\/p>\n","protected":false},"excerpt":{"rendered":"<p class=\"excerpt\">Johannes Stahl, representante del secretario ejecutivo de la CMS, calific\u00f3 al Ecuador como pa\u00eds l\u00edder en temas medioambientales, siendo \u00e9sta una de las razones para que la Convenci\u00f3n sobre la conservaci\u00f3n de las especies migratorias de animales silvestres (CMS) escoja a nuestro pa\u00eds como sede de la und\u00e9cima reuni\u00f3n de la conferencia de las partes (COP) que se realiza cada&hellip; <a href=\"https:\/\/www.ambienteyenergia.gob.ec\/ambiente\/ecuador-un-pais-megadiverso-y-comprometido-con-el-cuidado-del-medio-ambiente\/\">Read more &rarr;<\/a><\/p>\n","protected":false},"author":13,"featured_media":22752,"comment_status":"open","ping_status":"open","sticky":false,"template":"","format":"standard","meta":{"footnotes":""},"categories":[16,4],"tags":[],"class_list":["post-22765","post","type-post","status-publish","format-standard","has-post-thumbnail","hentry","category-comunicamos","category-noticias","xfolkentry"],"_links":{"self":[{"href":"https:\/\/www.ambienteyenergia.gob.ec\/ambiente\/wp-json\/wp\/v2\/posts\/22765","targetHints":{"allow":["GET"]}}],"collection":[{"href":"https:\/\/www.ambienteyenergia.gob.ec\/ambiente\/wp-json\/wp\/v2\/posts"}],"about":[{"href":"https:\/\/www.ambienteyenergia.gob.ec\/ambiente\/wp-json\/wp\/v2\/types\/post"}],"author":[{"embeddable":true,"href":"https:\/\/www.ambienteyenergia.gob.ec\/ambiente\/wp-json\/wp\/v2\/users\/13"}],"replies":[{"embeddable":true,"href":"https:\/\/www.ambienteyenergia.gob.ec\/ambiente\/wp-json\/wp\/v2\/comments?post=22765"}],"version-history":[{"count":0,"href":"https:\/\/www.ambienteyenergia.gob.ec\/ambiente\/wp-json\/wp\/v2\/posts\/22765\/revisions"}],"wp:featuredmedia":[{"embeddable":true,"href":"https:\/\/www.ambienteyenergia.gob.ec\/ambiente\/wp-json\/wp\/v2\/media\/22752"}],"wp:attachment":[{"href":"https:\/\/www.ambienteyenergia.gob.ec\/ambiente\/wp-json\/wp\/v2\/media?parent=22765"}],"wp:term":[{"taxonomy":"category","embeddable":true,"href":"https:\/\/www.ambienteyenergia.gob.ec\/ambiente\/wp-json\/wp\/v2\/categories?post=22765"},{"taxonomy":"post_tag","embeddable":true,"href":"https:\/\/www.ambienteyenergia.gob.ec\/ambiente\/wp-json\/wp\/v2\/tags?post=22765"}],"curies":[{"name":"wp","href":"https:\/\/api.w.org\/{rel}","templated":true}]}}