{"id":22759,"date":"2014-10-08T19:16:27","date_gmt":"2014-10-09T00:16:27","guid":{"rendered":"http:\/\/www.ambiente.gob.ec\/?p=22759"},"modified":"2014-10-09T08:18:49","modified_gmt":"2014-10-09T13:18:49","slug":"mae-planto-300-arboles-de-especies-forestales-en-la-magdalena-ibarra","status":"publish","type":"post","link":"https:\/\/www.ambienteyenergia.gob.ec\/ambiente\/mae-planto-300-arboles-de-especies-forestales-en-la-magdalena-ibarra\/","title":{"rendered":"MAE plant\u00f3 300 \u00e1rboles de especies forestales en la Magdalena, Ibarra"},"content":{"rendered":"<p style=\"text-align: justify;\">El Ministerio del Ambiente de Ecuador (MAE), en cumplimiento del Programa Nacional de Reforestaci\u00f3n, la Direcci\u00f3n Provincial del Ambiente de Imbabura llev\u00f3 a cabo la plantaci\u00f3n de 300 \u00e1rboles de especies forestales en el sector de la Magdalena, parroquia la Esperanza del cant\u00f3n Ibarra.<\/p>\n<p style=\"text-align: justify;\">Con la participaci\u00f3n de un grupo de j\u00f3venes voluntarios del Servicio Civil Ciudadano, de desarrollo esta jornada de reforestaci\u00f3n con el objetivo de\u00a0 fortalecer la participaci\u00f3n ciudadana en temas de conservaci\u00f3n y protecci\u00f3n forestal, incrementando la densidad de \u00e1rboles, contribuyendo de esta manera a la regulaci\u00f3n del ciclo hidrol\u00f3gico y la generaci\u00f3n de otros servicios ambientales como la conservaci\u00f3n de suelos, calidad de agua, fijaci\u00f3n de carbono, entre otros.<\/p>\n<p style=\"text-align: justify;\">El programa de reforestaci\u00f3n del MAE constituye una actividad fundamental en las pol\u00edticas ambientales que esta Cartera de Estado ejecuta a nivel nacional, pues permite recuperar los ecosistemas vivos y los beneficios que brindan estas \u00e1reas naturales.<\/p>\n<p style=\"text-align: justify;\">Como parte de las estrategias de conservaci\u00f3n y restauraci\u00f3n forestal, el MAE tiene como objetivo reforestar 500 mil hect\u00e1reas de bosques nativos hasta el a\u00f1o 2017, meta que lograremos gracias al apoyo de toda la ciudadan\u00eda.<\/p>\n","protected":false},"excerpt":{"rendered":"<p class=\"excerpt\">El Ministerio del Ambiente de Ecuador (MAE), en cumplimiento del Programa Nacional de Reforestaci\u00f3n, la Direcci\u00f3n Provincial del Ambiente de Imbabura llev\u00f3 a cabo la plantaci\u00f3n de 300 \u00e1rboles de especies forestales en el sector de la Magdalena, parroquia la Esperanza del cant\u00f3n Ibarra. Con la participaci\u00f3n de un grupo de j\u00f3venes voluntarios del Servicio Civil Ciudadano, de desarrollo esta&hellip; <a href=\"https:\/\/www.ambienteyenergia.gob.ec\/ambiente\/mae-planto-300-arboles-de-especies-forestales-en-la-magdalena-ibarra\/\">Read more &rarr;<\/a><\/p>\n","protected":false},"author":13,"featured_media":22760,"comment_status":"open","ping_status":"open","sticky":false,"template":"","format":"standard","meta":{"footnotes":""},"categories":[16,4],"tags":[],"class_list":["post-22759","post","type-post","status-publish","format-standard","has-post-thumbnail","hentry","category-comunicamos","category-noticias","xfolkentry"],"_links":{"self":[{"href":"https:\/\/www.ambienteyenergia.gob.ec\/ambiente\/wp-json\/wp\/v2\/posts\/22759","targetHints":{"allow":["GET"]}}],"collection":[{"href":"https:\/\/www.ambienteyenergia.gob.ec\/ambiente\/wp-json\/wp\/v2\/posts"}],"about":[{"href":"https:\/\/www.ambienteyenergia.gob.ec\/ambiente\/wp-json\/wp\/v2\/types\/post"}],"author":[{"embeddable":true,"href":"https:\/\/www.ambienteyenergia.gob.ec\/ambiente\/wp-json\/wp\/v2\/users\/13"}],"replies":[{"embeddable":true,"href":"https:\/\/www.ambienteyenergia.gob.ec\/ambiente\/wp-json\/wp\/v2\/comments?post=22759"}],"version-history":[{"count":0,"href":"https:\/\/www.ambienteyenergia.gob.ec\/ambiente\/wp-json\/wp\/v2\/posts\/22759\/revisions"}],"wp:featuredmedia":[{"embeddable":true,"href":"https:\/\/www.ambienteyenergia.gob.ec\/ambiente\/wp-json\/wp\/v2\/media\/22760"}],"wp:attachment":[{"href":"https:\/\/www.ambienteyenergia.gob.ec\/ambiente\/wp-json\/wp\/v2\/media?parent=22759"}],"wp:term":[{"taxonomy":"category","embeddable":true,"href":"https:\/\/www.ambienteyenergia.gob.ec\/ambiente\/wp-json\/wp\/v2\/categories?post=22759"},{"taxonomy":"post_tag","embeddable":true,"href":"https:\/\/www.ambienteyenergia.gob.ec\/ambiente\/wp-json\/wp\/v2\/tags?post=22759"}],"curies":[{"name":"wp","href":"https:\/\/api.w.org\/{rel}","templated":true}]}}