{"id":22749,"date":"2014-10-08T13:40:35","date_gmt":"2014-10-08T18:40:35","guid":{"rendered":"http:\/\/www.ambiente.gob.ec\/?p=22749"},"modified":"2014-10-09T12:48:29","modified_gmt":"2014-10-09T17:48:29","slug":"ministra-lorena-tapia-oficializo-a-ecuador-como-sede-de-la-xi-convencion-sobre-la-conservacion-de-especies-migratorias-de-animales-silvestres","status":"publish","type":"post","link":"https:\/\/www.ambienteyenergia.gob.ec\/ambiente\/ministra-lorena-tapia-oficializo-a-ecuador-como-sede-de-la-xi-convencion-sobre-la-conservacion-de-especies-migratorias-de-animales-silvestres\/","title":{"rendered":"Ministra Lorena Tapia oficializ\u00f3 a Ecuador como sede de la XI Reuni\u00f3n de la Convenci\u00f3n sobre la Conservaci\u00f3n de Especies Migratorias de Animales Silvestres"},"content":{"rendered":"<p style=\"text-align: justify;\">Hoy en rueda de prensa, la Ministra del Ambiente, Lorena Tapia junto con el represente del Secretario Ejecutivo de la CMS, Johannes Stahl, oficializ\u00f3 a Ecuador como sede de la XI Convenci\u00f3n sobre la Conservaci\u00f3n de Especies Migratorias de Animales Silvestres (CMS), misma que se realizar\u00e1 entre el 4 y 9 de noviembre en Quito.<\/p>\n<p style=\"text-align: justify;\">\u201cEs un honor para nuestro pa\u00eds acoger esta importante cumbre, pues luego de una intensa selecci\u00f3n entre varios pa\u00edses del mundo, Ecuador fue seleccionado sobre Filipinas por se el \u00fanico pa\u00eds a nivel internacional en considerar, dentro de su Constituci\u00f3n, los derechos de la naturaleza, adem\u00e1s de ser un pa\u00eds megadiverso\u201d, enfatiz\u00f3 en su intervenci\u00f3n la Titular de Ambiente.<\/p>\n<p style=\"text-align: justify;\">Durante cinco d\u00edas, Ecuador recibir\u00e1 la visita de aproximadamente 700 delegados de m\u00e1s de 119 pa\u00edses que participar\u00e1n en el Conferencia de las Partes (COP) N\u00b0 11. Este evento es el m\u00e1s importante del mundo en su clase y es la primera vez que se lo realizar\u00e1 en Am\u00e9rica Latina. La CMS-COP se desarrolla cada tres a\u00f1os y es conocido tambi\u00e9n como Convenio de Bonn.<\/p>\n<p style=\"text-align: justify;\">Por su parte, el representante de la CMS reconoci\u00f3 que Ecuador ha demostrado el gran compromiso pol\u00edtico que ha mantenido durante los \u00faltimos a\u00f1os en materia ambiental. \u201cTenemos la confianza de que esta COP, ser\u00e1 un espacio fundamental para coordinar acciones en favor de la conservaci\u00f3n de la especies migratorias\u201d, resalt\u00f3 Johannes Stahl.<\/p>\n<p style=\"text-align: justify;\">La Convenci\u00f3n de Especies Migratorias es un tratado internacional del Programa de las Naciones Unidas para la Protecci\u00f3n del Ambiente, que busca asegurar la supervivencia de las especies migratorias y sus h\u00e1bitats, a trav\u00e9s de la aplicaci\u00f3n de mecanismos locales e internacionales que garanticen la supervivencia de estas especies amenazadas a nivel mundial.<\/p>\n<p style=\"text-align: justify;\">\u201cEsta convenci\u00f3n ser\u00e1 una oportunidad para demostrar el liderazgo del Ecuador en la aplicaci\u00f3n estrategias nacionales y convenios internacionales de conservaci\u00f3n, a trav\u00e9s de este tipo de iniciativas que promueven la responsabilidad del Estado de trabajar en un contexto regional y global por el manejo responsable de la biodiversidad\u201d, recalc\u00f3 la M\u00e1xima Autoridad Ambiental.<\/p>\n<p style=\"text-align: justify;\">Los delegados de la COP 11 tomar\u00e1n decisiones importantes entre las que se incluyen:<\/p>\n<p style=\"text-align: justify;\">\u2022\u00a0\u00a0 \u00a0La inclusi\u00f3n de 32 especies migratorias amenazadas en los Ap\u00e9ndices de la CMS entre ellos el oso polar, el le\u00f3n africano y m\u00e1s de 20 especies de tiburones.<\/p>\n<p style=\"text-align: justify;\">\u2022\u00a0\u00a0 \u00a0Planes de Acci\u00f3n para la conservaci\u00f3n de la oveja Argali, de las tortugas Bobas del Oc\u00e9ano Pac\u00edfico y el halc\u00f3n Sacre.<\/p>\n<p style=\"text-align: justify;\">\u2022\u00a0\u00a0 \u00a0El Plan Estrat\u00e9gico para las Especies Migratorias 2015-2023 que entrega una visi\u00f3n, liderazgo y una fuerza impulsora hacia una completa y efectiva implementaci\u00f3n de los compromisos relacionados con las especies migratorias.<\/p>\n<p style=\"text-align: justify;\"><strong>El Dato:<\/strong><br \/>\nLas especies migratorias son aquellas que se trasladan peri\u00f3dicamente entre diferentes h\u00e1bitats en ciclos regulares.<\/p>\n<p style=\"text-align: justify;\">Tienen un reloj biol\u00f3gico y son buenas ge\u00f3grafas; varios cient\u00edficos las consideran buenas astr\u00f3nomas porque se gu\u00edan por medio del sol, las estrellas y hasta por el campo magn\u00e9tico de la tierra.<\/p>\n<p style=\"text-align: justify;\">El motivo por el que migran a otros h\u00e1bitats es por la \u00e9poca invernal, en la cual hay carencia de comida. Se dirigen a lugares donde el clima es propicio para su supervivencia y tenga las caracter\u00edsticas necesarias para su reproducci\u00f3n.<\/p>\n","protected":false},"excerpt":{"rendered":"<p class=\"excerpt\">Hoy en rueda de prensa, la Ministra del Ambiente, Lorena Tapia junto con el represente del Secretario Ejecutivo de la CMS, Johannes Stahl, oficializ\u00f3 a Ecuador como sede de la XI Convenci\u00f3n sobre la Conservaci\u00f3n de Especies Migratorias de Animales Silvestres (CMS), misma que se realizar\u00e1 entre el 4 y 9 de noviembre en Quito. \u201cEs un honor para nuestro&hellip; <a href=\"https:\/\/www.ambienteyenergia.gob.ec\/ambiente\/ministra-lorena-tapia-oficializo-a-ecuador-como-sede-de-la-xi-convencion-sobre-la-conservacion-de-especies-migratorias-de-animales-silvestres\/\">Read more &rarr;<\/a><\/p>\n","protected":false},"author":13,"featured_media":22752,"comment_status":"open","ping_status":"open","sticky":false,"template":"","format":"standard","meta":{"footnotes":""},"categories":[16,4],"tags":[],"class_list":["post-22749","post","type-post","status-publish","format-standard","has-post-thumbnail","hentry","category-comunicamos","category-noticias","xfolkentry"],"_links":{"self":[{"href":"https:\/\/www.ambienteyenergia.gob.ec\/ambiente\/wp-json\/wp\/v2\/posts\/22749","targetHints":{"allow":["GET"]}}],"collection":[{"href":"https:\/\/www.ambienteyenergia.gob.ec\/ambiente\/wp-json\/wp\/v2\/posts"}],"about":[{"href":"https:\/\/www.ambienteyenergia.gob.ec\/ambiente\/wp-json\/wp\/v2\/types\/post"}],"author":[{"embeddable":true,"href":"https:\/\/www.ambienteyenergia.gob.ec\/ambiente\/wp-json\/wp\/v2\/users\/13"}],"replies":[{"embeddable":true,"href":"https:\/\/www.ambienteyenergia.gob.ec\/ambiente\/wp-json\/wp\/v2\/comments?post=22749"}],"version-history":[{"count":0,"href":"https:\/\/www.ambienteyenergia.gob.ec\/ambiente\/wp-json\/wp\/v2\/posts\/22749\/revisions"}],"wp:featuredmedia":[{"embeddable":true,"href":"https:\/\/www.ambienteyenergia.gob.ec\/ambiente\/wp-json\/wp\/v2\/media\/22752"}],"wp:attachment":[{"href":"https:\/\/www.ambienteyenergia.gob.ec\/ambiente\/wp-json\/wp\/v2\/media?parent=22749"}],"wp:term":[{"taxonomy":"category","embeddable":true,"href":"https:\/\/www.ambienteyenergia.gob.ec\/ambiente\/wp-json\/wp\/v2\/categories?post=22749"},{"taxonomy":"post_tag","embeddable":true,"href":"https:\/\/www.ambienteyenergia.gob.ec\/ambiente\/wp-json\/wp\/v2\/tags?post=22749"}],"curies":[{"name":"wp","href":"https:\/\/api.w.org\/{rel}","templated":true}]}}