{"id":22745,"date":"2014-10-07T16:16:14","date_gmt":"2014-10-07T21:16:14","guid":{"rendered":"http:\/\/www.ambiente.gob.ec\/?p=22745"},"modified":"2014-10-08T09:16:44","modified_gmt":"2014-10-08T14:16:44","slug":"ministra-lorena-tapia-cumplio-agenda-territorial-en-cuenca","status":"publish","type":"post","link":"https:\/\/www.ambienteyenergia.gob.ec\/ambiente\/ministra-lorena-tapia-cumplio-agenda-territorial-en-cuenca\/","title":{"rendered":"Ministra Lorena Tapia cumpli\u00f3 agenda territorial en Cuenca"},"content":{"rendered":"<p style=\"text-align: justify;\">En el marco de su agenda territorial en Azuay, hoy, la Ministra del Ambiente, Lorena Tapia, recorri\u00f3 el Bioparque Amaru de la ciudad de Cuenca, y particip\u00f3 en el bautizo de la primera osezna de antojos nacida en cautiverio en Ecuador.<\/p>\n<p style=\"text-align: justify;\">Adem\u00e1s de constatar las adecuaciones en la infraestructura de este zool\u00f3gico, y verificar el estado de salud del c\u00f3ndor \u201cGuambi\u201d y los otros animales que aloja; firm\u00f3 un Acuerdo de cooperaci\u00f3n con la asociaci\u00f3n de zool\u00f3gicos y acuarios del pa\u00eds.<\/p>\n<p style=\"text-align: justify;\"><strong>Bautizo de primera osezna de anteojos nacida en cautiverio <\/strong><\/p>\n<p style=\"text-align: justify;\">El pasado 23 de abril, en el Bioparque Amaru, naci\u00f3 la primera osezna de anteojos (oso andino) en cautiverio, en el pa\u00eds. Este acontecimiento fue fundamental porque forma parte de las acciones para evitar la desaparici\u00f3n de esta especie registrada en el Libro Rojo del Ecuador y en la CITES, ap\u00e9ndice I.<\/p>\n<p style=\"text-align: justify;\">\u201cComo Autoridad Ambiental hemos incentivado y apoyado el dise\u00f1o de una Estrategia Nacional de Conservaci\u00f3n del Oso Andino, un primer esfuerzo que contiene informaci\u00f3n sobre la situaci\u00f3n de la especie y su h\u00e1bitat. Este documento establece tambi\u00e9n lineamientos, prioridades, objetivos y acciones para garantizar su conservaci\u00f3n. En ese sentido, estamos felices de participar en el proceso de crianza de esta osezna\u201d, se\u00f1al\u00f3 la Ministra Tapia.<\/p>\n<p style=\"text-align: justify;\">Como parte de esta actividad coordinada con el MAE, la Titular de Ambiente particip\u00f3 en el bautizo de la cachorra de oso andino. Adem\u00e1s, junto con Amaru, esta Cartera de Estado emprender\u00e1 una campa\u00f1a para elegir el nombre de cr\u00eda de los osos \u201cCoya\u201d y \u201cJubal\u201d, con la finalidad de involucrar a la ciudadan\u00eda, educar y concienciar sobre el cuidado y los efectos de las acciones del ser humano en la naturaleza y sus especies.<\/p>\n<p style=\"text-align: justify;\"><strong>Visita a c\u00f3ndor \u201cGuambi\u201d, embajador de la conservaci\u00f3n <\/strong><\/p>\n<p style=\"text-align: justify;\">Durante su visita, la Ministra del Ambiente constat\u00f3 la evoluci\u00f3n del estado an\u00edmico y de salud del c\u00f3ndor \u201cGuambi\u201d, rescatado hace casi un a\u00f1o y medio en p\u00e9simas condiciones f\u00edsicas, en un sector aleda\u00f1o a la Reserva Biol\u00f3gica Antisana (Pichincha).<\/p>\n<p style=\"text-align: justify;\">El pasado mes de julio y luego de haber recibido cuidados constantes para garantizar su sobrevivencia, este c\u00f3ndor juvenil fue trasladado a un refugio para aves de su especie, ubicado en el zool\u00f3gico Amaru.<\/p>\n<p style=\"text-align: justify;\">\u201cCon enorme agrado hemos verificado que \u201cGuambi\u201d est\u00e1 en las mejores condiciones. Lamentablemente, este ejemplar no pudo ser liberado en su h\u00e1bitat natural, porque la fractura en el ala (con la que fue encontrado) le imposibilita la capacidad de realizar vuelos largos. Sin embargo, tuvo otra oportunidad de vivir. El esp\u00e9cimen realiza sus funciones biol\u00f3gicas como comer, movilizarse a saltos, realizar vuelos cortos y reproducirse, al 100%\u201d, explic\u00f3 la Ministra.<\/p>\n<p style=\"text-align: justify;\">En ese sentido, se\u00f1al\u00f3 que este c\u00f3ndor ser\u00e1 parte del programa de reproducci\u00f3n, crianza y liberaci\u00f3n que el MAE lidera y promueve, con el objetivo de evitar la extinci\u00f3n de esta ave emblem\u00e1tica del pa\u00eds.<\/p>\n<p style=\"text-align: justify;\"><strong>Firma de Acuerdo con Centros de Tenencia <\/strong><\/p>\n<p style=\"text-align: justify;\">El objetivo de este convenio &#8211; seg\u00fan explic\u00f3 la Ministra Tapia- es formar una red que agrupe a especialistas de todos los centros de tenencia y rescate de fauna silvestre para optimizar conocimientos y establecer l\u00edneas coordinadas de trabajo con la Autoridad Ambiental. De esta manera, el MAE espera fomentar la ejecuci\u00f3n de acciones para conservaci\u00f3n de las especies.<\/p>\n<p style=\"text-align: justify;\">\u201cComo MAE otorgamos todo el apoyo necesario para los centros de rescate, refugios y zool\u00f3gicos del pa\u00eds. Estos lugares son el hogar de muchos animales que no pueden volver a su h\u00e1bitat natural, evitan su muerte segura y les da otra oportunidad de vida, siempre que tengan todas las condiciones adecuadas y cumplan con las obligaciones que exige la normativa ambiental. Eso es lo que estamos verificando\u201d, resalt\u00f3.<\/p>\n<p style=\"text-align: justify;\">Asimismo, explic\u00f3 que la finalidad de los zool\u00f3gicos y acuarios debe estar enfocada en la investigaci\u00f3n cient\u00edfica y la educaci\u00f3n ambiental, misma que se ejecutar\u00e1, de forma coordinada, a trav\u00e9s del programa de Educaci\u00f3n Ambiental de la Cartera de Ambiente.<\/p>\n<p style=\"text-align: justify;\">Sobre esta tem\u00e1tica, Ernesto Arbel\u00e1ez, del Bioparque Amaru, indic\u00f3 que los centros de tenencia de animales silvestres esperan convertirse en herramientas que apoyen al trabajo ejecutado por el MAE, en cuando a los esfuerzos de conservaci\u00f3n y cuidado de las especies, mediante la aplicaci\u00f3n las Estrategias Nacionales y dem\u00e1s acciones que lidera.<\/p>\n","protected":false},"excerpt":{"rendered":"<p class=\"excerpt\">En el marco de su agenda territorial en Azuay, hoy, la Ministra del Ambiente, Lorena Tapia, recorri\u00f3 el Bioparque Amaru de la ciudad de Cuenca, y particip\u00f3 en el bautizo de la primera osezna de antojos nacida en cautiverio en Ecuador. Adem\u00e1s de constatar las adecuaciones en la infraestructura de este zool\u00f3gico, y verificar el estado de salud del c\u00f3ndor&hellip; <a href=\"https:\/\/www.ambienteyenergia.gob.ec\/ambiente\/ministra-lorena-tapia-cumplio-agenda-territorial-en-cuenca\/\">Read more &rarr;<\/a><\/p>\n","protected":false},"author":13,"featured_media":22744,"comment_status":"open","ping_status":"open","sticky":false,"template":"","format":"standard","meta":{"footnotes":""},"categories":[16,4],"tags":[],"class_list":["post-22745","post","type-post","status-publish","format-standard","has-post-thumbnail","hentry","category-comunicamos","category-noticias","xfolkentry"],"_links":{"self":[{"href":"https:\/\/www.ambienteyenergia.gob.ec\/ambiente\/wp-json\/wp\/v2\/posts\/22745","targetHints":{"allow":["GET"]}}],"collection":[{"href":"https:\/\/www.ambienteyenergia.gob.ec\/ambiente\/wp-json\/wp\/v2\/posts"}],"about":[{"href":"https:\/\/www.ambienteyenergia.gob.ec\/ambiente\/wp-json\/wp\/v2\/types\/post"}],"author":[{"embeddable":true,"href":"https:\/\/www.ambienteyenergia.gob.ec\/ambiente\/wp-json\/wp\/v2\/users\/13"}],"replies":[{"embeddable":true,"href":"https:\/\/www.ambienteyenergia.gob.ec\/ambiente\/wp-json\/wp\/v2\/comments?post=22745"}],"version-history":[{"count":0,"href":"https:\/\/www.ambienteyenergia.gob.ec\/ambiente\/wp-json\/wp\/v2\/posts\/22745\/revisions"}],"wp:featuredmedia":[{"embeddable":true,"href":"https:\/\/www.ambienteyenergia.gob.ec\/ambiente\/wp-json\/wp\/v2\/media\/22744"}],"wp:attachment":[{"href":"https:\/\/www.ambienteyenergia.gob.ec\/ambiente\/wp-json\/wp\/v2\/media?parent=22745"}],"wp:term":[{"taxonomy":"category","embeddable":true,"href":"https:\/\/www.ambienteyenergia.gob.ec\/ambiente\/wp-json\/wp\/v2\/categories?post=22745"},{"taxonomy":"post_tag","embeddable":true,"href":"https:\/\/www.ambienteyenergia.gob.ec\/ambiente\/wp-json\/wp\/v2\/tags?post=22745"}],"curies":[{"name":"wp","href":"https:\/\/api.w.org\/{rel}","templated":true}]}}