{"id":22741,"date":"2014-10-07T16:31:01","date_gmt":"2014-10-07T21:31:01","guid":{"rendered":"http:\/\/www.ambiente.gob.ec\/?p=22741"},"modified":"2014-10-07T16:58:39","modified_gmt":"2014-10-07T21:58:39","slug":"especies-migratorias-un-compromiso-nacional-de-conservacion","status":"publish","type":"post","link":"https:\/\/www.ambienteyenergia.gob.ec\/ambiente\/especies-migratorias-un-compromiso-nacional-de-conservacion\/","title":{"rendered":"Especies migratorias, un compromiso nacional de conservaci\u00f3n"},"content":{"rendered":"<p class=\"Standard\" style=\"text-align: justify;\" align=\"center\">Alrededor del mundo, las especies migratorias constituyen un recurso ecol\u00f3gico, biol\u00f3gico y cultural, y en muchos de los casos se ha constituido como una fuente econ\u00f3mica importante con el desarrollo del turismo sostenible de car\u00e1cter local, tomando en consideraci\u00f3n los senderos migratorios por los cuales atraviesan miles de ejemplares de diferentes especies.<\/p>\n<p class=\"Standard\" style=\"text-align: justify;\"><span lang=\"ES-EC\">\u00a0<\/span><\/p>\n<p class=\"Standard\" style=\"text-align: justify;\"><span lang=\"ES-EC\">\u201cEl equilibrio de la cadena alimenticia, el buen funcionamiento de los ecosistemas y los servicios naturales que brindan a otras especies y al ser humano, es la meta primordial en la gesti\u00f3n ambiental a nivel regional y local, que tiene como eje la protecci\u00f3n a los espec\u00edmenes de vida silvestre que transitan y permanecen de manera temporal en nuestro pa\u00eds\u201d, se\u00f1al\u00f3 la Ministra del Ambiente, Lorena Tapia N\u00fa\u00f1ez.<\/span><\/p>\n<p class=\"Standard\" style=\"text-align: justify;\"><span lang=\"ES-EC\">\u00a0<\/span><\/p>\n<p class=\"Standard\" style=\"text-align: justify;\"><span lang=\"ES-EC\">De acuerdo con un informe reciente, entre 1998 y 2006 solo en Latinoam\u00e9rica la observaci\u00f3n de ballenas present\u00f3 un crecimiento con una tasa promedio del 11,3% por a\u00f1o. Actualmente esta actividad involucra a 91 comunidades de 18 pa\u00edses.<\/span><\/p>\n<p class=\"Standard\" style=\"text-align: justify;\"><span lang=\"ES-EC\">\u00a0<\/span><\/p>\n<p class=\"Standard\" style=\"text-align: justify;\"><span lang=\"ES-EC\">La sobreexplotaci\u00f3n, la contaminaci\u00f3n del agua, la alteraci\u00f3n y destrucci\u00f3n de los h\u00e1bitats de reproducci\u00f3n e hibernaci\u00f3n, y senderos migratorios, el trafico ilegal, el uso de pesticidas a gran escala, han modificado en gran medida estos flujos migratorios y la cantidad de individuos de cada una de las especies, ha motivado a la creaci\u00f3n de convenios internacionales con fines de conservaci\u00f3n y protecci\u00f3n de estos espec\u00edmenes.<\/span><\/p>\n<p class=\"Standard\" style=\"text-align: justify;\"><span lang=\"ES-EC\">\u00a0<\/span><\/p>\n<p class=\"Standard\" style=\"text-align: justify;\"><span lang=\"ES-EC\">Es por tal motivo que el Ministerio del Ambiente de Ecuador (MAE), en el marco de cumplimiento de los convenios internacionales ha desarrollado diferentes iniciativas, planes y estrategias de conservaci\u00f3n con el fin de generar un impacto positivo a gran escala sobre pol\u00edticas de Estado que generan un equilibrio en el desarrollo social sin dejar de lado la protecci\u00f3n al ambiente.<\/span><\/p>\n<p class=\"Standard\" style=\"text-align: justify;\"><span lang=\"ES-EC\">\u00a0<\/span><\/p>\n<p class=\"Standard\" style=\"text-align: justify;\"><span lang=\"ES-EC\">\u201cLas acciones conjuntas, intercambio de experiencias y recursos son recursos que permitir\u00e1n asegurar los beneficios ecol\u00f3gicos, biol\u00f3gicos, culturales y econ\u00f3micos que representan la protecci\u00f3n de las especies migratorias a escala mundial, con el fin de contribuir al desarrollo de una sociedad con responsabilidad ambiental\u201d, recalc\u00f3 Tapia.<\/span><\/p>\n<p class=\"Standard\" style=\"text-align: justify;\"><span lang=\"ES-EC\">\u00a0<\/span><\/p>\n<p class=\"Standard\" style=\"text-align: justify;\"><span lang=\"ES-EC\">Es por tal motivo y por su riqueza en especies migratorias y por contemplar los Derechos de la Naturaleza en su Constituci\u00f3n, Ecuador fue elegido por sobre Filipinas para ser el pa\u00eds anfitri\u00f3n de la XI Conferencia de las Partes, en el marco de la Convenci\u00f3n sobre Conservaci\u00f3n de Especies Migratorias de Animales Silvestres (CMS). Este evento se desarrollar\u00e1 entre el 4 y el 9 de noviembre de 2014, en Quito, con la presencia de aproximadamente 700 delegados de m\u00e1s de 119 naciones.<\/span><\/p>\n","protected":false},"excerpt":{"rendered":"<p class=\"excerpt\">Alrededor del mundo, las especies migratorias constituyen un recurso ecol\u00f3gico, biol\u00f3gico y cultural, y en muchos de los casos se ha constituido como una fuente econ\u00f3mica importante con el desarrollo del turismo sostenible de car\u00e1cter local, tomando en consideraci\u00f3n los senderos migratorios por los cuales atraviesan miles de ejemplares de diferentes especies. \u00a0 \u201cEl equilibrio de la cadena alimenticia, el&hellip; <a href=\"https:\/\/www.ambienteyenergia.gob.ec\/ambiente\/especies-migratorias-un-compromiso-nacional-de-conservacion\/\">Read more &rarr;<\/a><\/p>\n","protected":false},"author":13,"featured_media":22689,"comment_status":"open","ping_status":"open","sticky":false,"template":"","format":"standard","meta":{"footnotes":""},"categories":[16,4],"tags":[387],"class_list":["post-22741","post","type-post","status-publish","format-standard","has-post-thumbnail","hentry","category-comunicamos","category-noticias","tag-mae-lorena-tapia","xfolkentry"],"_links":{"self":[{"href":"https:\/\/www.ambienteyenergia.gob.ec\/ambiente\/wp-json\/wp\/v2\/posts\/22741","targetHints":{"allow":["GET"]}}],"collection":[{"href":"https:\/\/www.ambienteyenergia.gob.ec\/ambiente\/wp-json\/wp\/v2\/posts"}],"about":[{"href":"https:\/\/www.ambienteyenergia.gob.ec\/ambiente\/wp-json\/wp\/v2\/types\/post"}],"author":[{"embeddable":true,"href":"https:\/\/www.ambienteyenergia.gob.ec\/ambiente\/wp-json\/wp\/v2\/users\/13"}],"replies":[{"embeddable":true,"href":"https:\/\/www.ambienteyenergia.gob.ec\/ambiente\/wp-json\/wp\/v2\/comments?post=22741"}],"version-history":[{"count":0,"href":"https:\/\/www.ambienteyenergia.gob.ec\/ambiente\/wp-json\/wp\/v2\/posts\/22741\/revisions"}],"wp:featuredmedia":[{"embeddable":true,"href":"https:\/\/www.ambienteyenergia.gob.ec\/ambiente\/wp-json\/wp\/v2\/media\/22689"}],"wp:attachment":[{"href":"https:\/\/www.ambienteyenergia.gob.ec\/ambiente\/wp-json\/wp\/v2\/media?parent=22741"}],"wp:term":[{"taxonomy":"category","embeddable":true,"href":"https:\/\/www.ambienteyenergia.gob.ec\/ambiente\/wp-json\/wp\/v2\/categories?post=22741"},{"taxonomy":"post_tag","embeddable":true,"href":"https:\/\/www.ambienteyenergia.gob.ec\/ambiente\/wp-json\/wp\/v2\/tags?post=22741"}],"curies":[{"name":"wp","href":"https:\/\/api.w.org\/{rel}","templated":true}]}}