{"id":22733,"date":"2014-10-07T11:13:38","date_gmt":"2014-10-07T16:13:38","guid":{"rendered":"http:\/\/www.ambiente.gob.ec\/?p=22733"},"modified":"2014-10-07T11:14:04","modified_gmt":"2014-10-07T16:14:04","slug":"mae-entrego-estudios-para-la-gestion-integral-de-los-residuos-solidos-al-canton-ona","status":"publish","type":"post","link":"https:\/\/www.ambienteyenergia.gob.ec\/ambiente\/mae-entrego-estudios-para-la-gestion-integral-de-los-residuos-solidos-al-canton-ona\/","title":{"rendered":"MAE entreg\u00f3 estudios para la gesti\u00f3n integral de los residuos s\u00f3lidos al Cant\u00f3n O\u00f1a"},"content":{"rendered":"<p style=\"text-align: justify;\">Ayer, el Ministerio del Ambiente (MAE), a trav\u00e9s del Programa para la Gesti\u00f3n Integral de Desechos S\u00f3lidos (PNGIDS), entreg\u00f3 los Estudios de dise\u00f1o definitivo para el\u00a0 cierre t\u00e9cnico de botadero y la\u00a0 implementaci\u00f3n una celda emergente para el cant\u00f3n O\u00f1a de Azuay. Ello con el objetivo de disponer adecuadamente los residuos s\u00f3lidos de este sector, beneficiando a m\u00e1s de 3 500 habitantes.<\/p>\n<p style=\"text-align: justify;\">\u201cCon estas obras, el MAE fomenta y fortalece la correcta gesti\u00f3n de las 1,38 toneladas de residuos s\u00f3lidos que genera el cant\u00f3n a diario. Asimismo, permite su \u00f3ptima clasificaci\u00f3n, la recuperaci\u00f3n y aprovechamiento para el proceso de reciclaje de los mismos, para beneficio de la ciudadan\u00eda\u201d, resalt\u00f3 Paula Guerra, Gerente de PNGIDS.<\/p>\n<p style=\"text-align: justify;\">Germania Ullauri, Alcaldesa de O\u00f1a, recibi\u00f3 los documentos y agradeci\u00f3 la ayuda otorgada por esta Cartera de Estado. \u201cEl saneamiento ambiental est\u00e1 por sobre todas las cosas. Esperamos ejecutar los estudios realizados lo m\u00e1s pronto posible para servir a nuestra poblaci\u00f3n\u201d, mencion\u00f3.<\/p>\n<p style=\"text-align: justify;\">El PNGIDS trabaja de manera conjunta con los 221 Gobiernos Aut\u00f3nomos Descentralizados (GAD) Municipales del pa\u00eds para la implementaci\u00f3n y fortalecimiento de la gesti\u00f3n integral de los residuos s\u00f3lidos, con el fin de minimizar el impacto ambiental causado por el mal manejo de residuos.<\/p>\n<p style=\"text-align: justify;\">El Ministerio del Ambiente ya ha entregado estudios similares a m\u00e1s de 40 Gobiernos Aut\u00f3nomos Descentralizados Municipales del Ecuador, en lo que va del a\u00f1o.<\/p>\n","protected":false},"excerpt":{"rendered":"<p class=\"excerpt\">Ayer, el Ministerio del Ambiente (MAE), a trav\u00e9s del Programa para la Gesti\u00f3n Integral de Desechos S\u00f3lidos (PNGIDS), entreg\u00f3 los Estudios de dise\u00f1o definitivo para el\u00a0 cierre t\u00e9cnico de botadero y la\u00a0 implementaci\u00f3n una celda emergente para el cant\u00f3n O\u00f1a de Azuay. Ello con el objetivo de disponer adecuadamente los residuos s\u00f3lidos de este sector, beneficiando a m\u00e1s de 3&hellip; <a href=\"https:\/\/www.ambienteyenergia.gob.ec\/ambiente\/mae-entrego-estudios-para-la-gestion-integral-de-los-residuos-solidos-al-canton-ona\/\">Read more &rarr;<\/a><\/p>\n","protected":false},"author":13,"featured_media":22734,"comment_status":"open","ping_status":"open","sticky":false,"template":"","format":"standard","meta":{"footnotes":""},"categories":[16,4],"tags":[387],"class_list":["post-22733","post","type-post","status-publish","format-standard","has-post-thumbnail","hentry","category-comunicamos","category-noticias","tag-mae-lorena-tapia","xfolkentry"],"_links":{"self":[{"href":"https:\/\/www.ambienteyenergia.gob.ec\/ambiente\/wp-json\/wp\/v2\/posts\/22733","targetHints":{"allow":["GET"]}}],"collection":[{"href":"https:\/\/www.ambienteyenergia.gob.ec\/ambiente\/wp-json\/wp\/v2\/posts"}],"about":[{"href":"https:\/\/www.ambienteyenergia.gob.ec\/ambiente\/wp-json\/wp\/v2\/types\/post"}],"author":[{"embeddable":true,"href":"https:\/\/www.ambienteyenergia.gob.ec\/ambiente\/wp-json\/wp\/v2\/users\/13"}],"replies":[{"embeddable":true,"href":"https:\/\/www.ambienteyenergia.gob.ec\/ambiente\/wp-json\/wp\/v2\/comments?post=22733"}],"version-history":[{"count":0,"href":"https:\/\/www.ambienteyenergia.gob.ec\/ambiente\/wp-json\/wp\/v2\/posts\/22733\/revisions"}],"wp:featuredmedia":[{"embeddable":true,"href":"https:\/\/www.ambienteyenergia.gob.ec\/ambiente\/wp-json\/wp\/v2\/media\/22734"}],"wp:attachment":[{"href":"https:\/\/www.ambienteyenergia.gob.ec\/ambiente\/wp-json\/wp\/v2\/media?parent=22733"}],"wp:term":[{"taxonomy":"category","embeddable":true,"href":"https:\/\/www.ambienteyenergia.gob.ec\/ambiente\/wp-json\/wp\/v2\/categories?post=22733"},{"taxonomy":"post_tag","embeddable":true,"href":"https:\/\/www.ambienteyenergia.gob.ec\/ambiente\/wp-json\/wp\/v2\/tags?post=22733"}],"curies":[{"name":"wp","href":"https:\/\/api.w.org\/{rel}","templated":true}]}}