{"id":22730,"date":"2014-10-07T09:15:19","date_gmt":"2014-10-07T14:15:19","guid":{"rendered":"http:\/\/www.ambiente.gob.ec\/?p=22730"},"modified":"2014-10-07T09:15:19","modified_gmt":"2014-10-07T14:15:19","slug":"mae-monitorea-los-incendios-forestales-ocurridos-fuera-de-las-areas-protegidas-en-chimborazo","status":"publish","type":"post","link":"https:\/\/www.ambienteyenergia.gob.ec\/ambiente\/mae-monitorea-los-incendios-forestales-ocurridos-fuera-de-las-areas-protegidas-en-chimborazo\/","title":{"rendered":"MAE monitorea los incendios forestales ocurridos fuera de las \u00e1reas protegidas, en Chimborazo"},"content":{"rendered":"<p style=\"text-align: justify;\">Como parte del plan de contingencia para evitar incendios forestales, t\u00e9cnicos forestales de la Direcci\u00f3n Provincial del Ambiente de Chimborazo realiz\u00f3 una inspecci\u00f3n con el prop\u00f3sito de verificar y evaluar el incendio ocurrido el pasado s\u00e1bado en San Miguel de Pungal de la Parroquia la Esperanza del cant\u00f3n Guano.<\/p>\n<p>El Ministerio del Ambiente de Ecuador realiz\u00f3 el monitoreo y control en el \u00e1rea del flagelo para evitar la reactivaci\u00f3n del incendio y la propagaci\u00f3n a plantaciones de pino aleda\u00f1as al sector. La zona afectada por el fuego est\u00e1 fuera de las \u00e1reas protegidas y de las zonas de amortiguamiento del Parque Nacional Sangay y de la Reserva Chimborazo.<\/p>\n<p>En el lugar se comprob\u00f3 que el incendio fue sofocado por completo gracias a la intervenci\u00f3n del cuerpo de Bomberos, miembros del ej\u00e9rcito en coordinaci\u00f3n con la secretaria Secretar\u00eda Nacional de Gesti\u00f3n de Riesgos (SNGR).<\/p>\n<p>Luego de la evaluaci\u00f3n se determin\u00f3 que se afectaron dos hect\u00e1reas de vegetaci\u00f3n nativa.<br \/>\nLa autoridades competentes realizan el proceso administrativo para dar con los responsables que atentaron la naturaleza. El MAE contin\u00faa con la campa\u00f1a cero fuegos con la finalidad de prevenir los\u00a0 incendios\u00a0 forestales,\u00a0 con\u00a0 el\u00a0 apoyo de instituciones p\u00fablicas.<\/p>\n","protected":false},"excerpt":{"rendered":"<p class=\"excerpt\">Como parte del plan de contingencia para evitar incendios forestales, t\u00e9cnicos forestales de la Direcci\u00f3n Provincial del Ambiente de Chimborazo realiz\u00f3 una inspecci\u00f3n con el prop\u00f3sito de verificar y evaluar el incendio ocurrido el pasado s\u00e1bado en San Miguel de Pungal de la Parroquia la Esperanza del cant\u00f3n Guano. El Ministerio del Ambiente de Ecuador realiz\u00f3 el monitoreo y control&hellip; <a href=\"https:\/\/www.ambienteyenergia.gob.ec\/ambiente\/mae-monitorea-los-incendios-forestales-ocurridos-fuera-de-las-areas-protegidas-en-chimborazo\/\">Read more &rarr;<\/a><\/p>\n","protected":false},"author":13,"featured_media":22731,"comment_status":"open","ping_status":"open","sticky":false,"template":"","format":"standard","meta":{"footnotes":""},"categories":[16,4],"tags":[],"class_list":["post-22730","post","type-post","status-publish","format-standard","has-post-thumbnail","hentry","category-comunicamos","category-noticias","xfolkentry"],"_links":{"self":[{"href":"https:\/\/www.ambienteyenergia.gob.ec\/ambiente\/wp-json\/wp\/v2\/posts\/22730","targetHints":{"allow":["GET"]}}],"collection":[{"href":"https:\/\/www.ambienteyenergia.gob.ec\/ambiente\/wp-json\/wp\/v2\/posts"}],"about":[{"href":"https:\/\/www.ambienteyenergia.gob.ec\/ambiente\/wp-json\/wp\/v2\/types\/post"}],"author":[{"embeddable":true,"href":"https:\/\/www.ambienteyenergia.gob.ec\/ambiente\/wp-json\/wp\/v2\/users\/13"}],"replies":[{"embeddable":true,"href":"https:\/\/www.ambienteyenergia.gob.ec\/ambiente\/wp-json\/wp\/v2\/comments?post=22730"}],"version-history":[{"count":0,"href":"https:\/\/www.ambienteyenergia.gob.ec\/ambiente\/wp-json\/wp\/v2\/posts\/22730\/revisions"}],"wp:featuredmedia":[{"embeddable":true,"href":"https:\/\/www.ambienteyenergia.gob.ec\/ambiente\/wp-json\/wp\/v2\/media\/22731"}],"wp:attachment":[{"href":"https:\/\/www.ambienteyenergia.gob.ec\/ambiente\/wp-json\/wp\/v2\/media?parent=22730"}],"wp:term":[{"taxonomy":"category","embeddable":true,"href":"https:\/\/www.ambienteyenergia.gob.ec\/ambiente\/wp-json\/wp\/v2\/categories?post=22730"},{"taxonomy":"post_tag","embeddable":true,"href":"https:\/\/www.ambienteyenergia.gob.ec\/ambiente\/wp-json\/wp\/v2\/tags?post=22730"}],"curies":[{"name":"wp","href":"https:\/\/api.w.org\/{rel}","templated":true}]}}