{"id":22726,"date":"2014-10-06T16:53:30","date_gmt":"2014-10-06T21:53:30","guid":{"rendered":"http:\/\/www.ambiente.gob.ec\/?p=22726"},"modified":"2014-10-06T16:53:30","modified_gmt":"2014-10-06T21:53:30","slug":"tecnicos-del-proyecto-pacc-del-mae-constataron-obras-en-el-canton-mocache","status":"publish","type":"post","link":"https:\/\/www.ambienteyenergia.gob.ec\/ambiente\/tecnicos-del-proyecto-pacc-del-mae-constataron-obras-en-el-canton-mocache\/","title":{"rendered":"T\u00e9cnicos del Proyecto PACC del MAE  constataron obras en el cant\u00f3n Mocache"},"content":{"rendered":"<p style=\"text-align: justify;\">En el recinto Bella Aurora del cant\u00f3n Mocache (Los R\u00edos), funcionarios del Ministerio del Ambiente (MAE) constaron el avance en la construcci\u00f3n de albarradas, infraestructura de riego orientado a rescatar la agro-biodiversidad local con potencial para la soberan\u00eda alimentaria y el mejoramiento del Sistema H\u00eddrico de las micro-cuencas aportantes de los r\u00edos Macul y Maculillo.<\/p>\n<p style=\"text-align: justify;\">\n<p style=\"text-align: justify;\">Estas obras son efectuadas por esta Cartera de Estado por medio de su Proyecto de Adaptaci\u00f3n al Cambio Clim\u00e1tico, a trav\u00e9s de una efectiva gobernabilidad del agua (PACC) y cuenta con el apoyo del Programa de las Naciones Unidas para el Desarrollo (PNUD).<\/p>\n<p style=\"text-align: justify;\">\n<p style=\"text-align: justify;\">Adem\u00e1s t\u00e9cnicos del proyecto PACC y de la direcci\u00f3n provincial del MAE-Los R\u00edos, participaron t\u00e9cnicos de la Universidad T\u00e9cnica Estatal de Quevedo, del GAD Los R\u00edos, y beneficiarios del proyecto.<\/p>\n<p style=\"text-align: justify;\">\n<p style=\"text-align: justify;\">\n<p style=\"text-align: justify;\"><strong>Datos del Proyecto<\/strong><\/p>\n<p style=\"text-align: justify;\">En septiembre de 2010, se suscribi\u00f3 el Convenio de Cooperaci\u00f3n Interinstitucional para ejecutar el Proyecto \u201cImplementaci\u00f3n de Albarradas para el mejoramiento de Agro-sistemas degradados en la cuenca media del R\u00edo Guayas, Cant\u00f3n Mocache, Provincia de Los R\u00edos Ecuador\u201d.<\/p>\n<p style=\"text-align: justify;\">\n<p style=\"text-align: justify;\">Entre sus objetivos incluye el desarrollo de nuevas capacidades de gesti\u00f3n local para enfrentar las amenazas del cambio clim\u00e1tico y sus efectos en el deterioro de los recursos naturales, de la productividad agropecuaria y fortalecer la institucionalidad del recinto.<\/p>\n<p style=\"text-align: justify;\">\n<p style=\"text-align: justify;\">Asimismo, contempla la implementaci\u00f3n de 20 albarradas para almacenar agua para riego, crianza de peces y reforestar \u00e1reas cr\u00edticas con plantas nativas para detener la erosi\u00f3n y sedimentaci\u00f3n descontrolada; el establecimiento de 40 hect\u00e1reas de cacao diversificadas con sistema de riego semi-tecnificado para mejorar la oferta alimentaria y generar empleo para 83 familias.<\/p>\n<p style=\"text-align: justify;\">\n<p style=\"text-align: justify;\">A ello se suma la rehabilitaci\u00f3n de 10 hect\u00e1reas de huertas tradicionales de cacao para mejorar la sostenibilidad de producci\u00f3n e ingresos familiares; y, mejorar las capacidades t\u00e9cnicas, administrativas de dirigentes y socios, para que gestionen y lideren su desarrollo ante las diferentes instancias p\u00fablicas.<\/p>\n<p style=\"text-align: justify;\">\n<p style=\"text-align: justify;\"><strong>Resultados de la visita<\/strong><\/p>\n<p style=\"text-align: justify;\">De acuerdo con las conclusiones de esta visita, los resultados han superado las metas propuestas en un inicio, incluyendo m\u00e1s albarradas y sistemas de bombeo que fueron gestionados por la comunidad y fortalecieron los sistemas de riego ya implementados. Al momento Mocache cuenta con 31 albarradas construidas y funcionando de manera eficiente, de tal forma que el GAD cantonal de Mocache, ha tomado esta iniciativa como ejemplo y contin\u00faa replic\u00e1ndola en otras zonas del cant\u00f3n.<\/p>\n<p style=\"text-align: justify;\">\n","protected":false},"excerpt":{"rendered":"<p class=\"excerpt\">En el recinto Bella Aurora del cant\u00f3n Mocache (Los R\u00edos), funcionarios del Ministerio del Ambiente (MAE) constaron el avance en la construcci\u00f3n de albarradas, infraestructura de riego orientado a rescatar la agro-biodiversidad local con potencial para la soberan\u00eda alimentaria y el mejoramiento del Sistema H\u00eddrico de las micro-cuencas aportantes de los r\u00edos Macul y Maculillo. Estas obras son efectuadas por&hellip; <a href=\"https:\/\/www.ambienteyenergia.gob.ec\/ambiente\/tecnicos-del-proyecto-pacc-del-mae-constataron-obras-en-el-canton-mocache\/\">Read more &rarr;<\/a><\/p>\n","protected":false},"author":13,"featured_media":22727,"comment_status":"open","ping_status":"open","sticky":false,"template":"","format":"standard","meta":{"footnotes":""},"categories":[16,4],"tags":[],"class_list":["post-22726","post","type-post","status-publish","format-standard","has-post-thumbnail","hentry","category-comunicamos","category-noticias","xfolkentry"],"_links":{"self":[{"href":"https:\/\/www.ambienteyenergia.gob.ec\/ambiente\/wp-json\/wp\/v2\/posts\/22726","targetHints":{"allow":["GET"]}}],"collection":[{"href":"https:\/\/www.ambienteyenergia.gob.ec\/ambiente\/wp-json\/wp\/v2\/posts"}],"about":[{"href":"https:\/\/www.ambienteyenergia.gob.ec\/ambiente\/wp-json\/wp\/v2\/types\/post"}],"author":[{"embeddable":true,"href":"https:\/\/www.ambienteyenergia.gob.ec\/ambiente\/wp-json\/wp\/v2\/users\/13"}],"replies":[{"embeddable":true,"href":"https:\/\/www.ambienteyenergia.gob.ec\/ambiente\/wp-json\/wp\/v2\/comments?post=22726"}],"version-history":[{"count":0,"href":"https:\/\/www.ambienteyenergia.gob.ec\/ambiente\/wp-json\/wp\/v2\/posts\/22726\/revisions"}],"wp:featuredmedia":[{"embeddable":true,"href":"https:\/\/www.ambienteyenergia.gob.ec\/ambiente\/wp-json\/wp\/v2\/media\/22727"}],"wp:attachment":[{"href":"https:\/\/www.ambienteyenergia.gob.ec\/ambiente\/wp-json\/wp\/v2\/media?parent=22726"}],"wp:term":[{"taxonomy":"category","embeddable":true,"href":"https:\/\/www.ambienteyenergia.gob.ec\/ambiente\/wp-json\/wp\/v2\/categories?post=22726"},{"taxonomy":"post_tag","embeddable":true,"href":"https:\/\/www.ambienteyenergia.gob.ec\/ambiente\/wp-json\/wp\/v2\/tags?post=22726"}],"curies":[{"name":"wp","href":"https:\/\/api.w.org\/{rel}","templated":true}]}}