{"id":22720,"date":"2014-10-06T10:13:54","date_gmt":"2014-10-06T15:13:54","guid":{"rendered":"http:\/\/www.ambiente.gob.ec\/?p=22720"},"modified":"2014-10-06T10:13:54","modified_gmt":"2014-10-06T15:13:54","slug":"mae-conmemora-el-dia-interamericano-del-agua-con-una-casa-abierta-en-tungurahua","status":"publish","type":"post","link":"https:\/\/www.ambienteyenergia.gob.ec\/ambiente\/mae-conmemora-el-dia-interamericano-del-agua-con-una-casa-abierta-en-tungurahua\/","title":{"rendered":"MAE conmemora el D\u00eda Interamericano del Agua con una casa abierta en Tungurahua"},"content":{"rendered":"<p style=\"text-align: justify;\">El D\u00eda Interamericano del Agua es una celebraci\u00f3n que tiene como prop\u00f3sito principal la sensibilizaci\u00f3n de la poblaci\u00f3n sobre la importancia de la conservaci\u00f3n del recurso agua. Y desde su creaci\u00f3n, las actividades han sido organizadas alrededor de varios temas.<\/p>\n<p style=\"text-align: justify;\">\nEl Ministerio del Ambiente de Ecuador (MAE), a trav\u00e9s de la Direcci\u00f3n Provincial del Ambiente Tungurahua y j\u00f3venes del Servicio Civil Ciudadano presentaron una casa abierta en el Centro Educativo la Providencia.<\/p>\n<p style=\"text-align: justify;\">\nEl objetivo principal de esta actividad fue difundir y socializar el uso adecuado del Agua. Durante cuatro horas m\u00e1s de 700 estudiantes entre ni\u00f1os y ni\u00f1as conocieron acerca del ahorro del agua, sus ciclos, adem\u00e1s se presentaron videos y diapositivas sobre el ahorro del recurso h\u00eddrico.<\/p>\n<p style=\"text-align: justify;\">\nDe esta manera el Ministerio del Ambiente conmemor\u00f3\u00a0 el D\u00eda Interamericano del Agua en Tungurahua, mismo que\u00a0 se celebr\u00f3 por primera vez en el a\u00f1o 1993 y contin\u00faa conmemor\u00e1ndose el primer s\u00e1bado de octubre de cada a\u00f1o.<\/p>\n","protected":false},"excerpt":{"rendered":"<p class=\"excerpt\">El D\u00eda Interamericano del Agua es una celebraci\u00f3n que tiene como prop\u00f3sito principal la sensibilizaci\u00f3n de la poblaci\u00f3n sobre la importancia de la conservaci\u00f3n del recurso agua. Y desde su creaci\u00f3n, las actividades han sido organizadas alrededor de varios temas. El Ministerio del Ambiente de Ecuador (MAE), a trav\u00e9s de la Direcci\u00f3n Provincial del Ambiente Tungurahua y j\u00f3venes del Servicio&hellip; <a href=\"https:\/\/www.ambienteyenergia.gob.ec\/ambiente\/mae-conmemora-el-dia-interamericano-del-agua-con-una-casa-abierta-en-tungurahua\/\">Read more &rarr;<\/a><\/p>\n","protected":false},"author":13,"featured_media":22721,"comment_status":"open","ping_status":"open","sticky":false,"template":"","format":"standard","meta":{"footnotes":""},"categories":[16,4],"tags":[],"class_list":["post-22720","post","type-post","status-publish","format-standard","has-post-thumbnail","hentry","category-comunicamos","category-noticias","xfolkentry"],"_links":{"self":[{"href":"https:\/\/www.ambienteyenergia.gob.ec\/ambiente\/wp-json\/wp\/v2\/posts\/22720","targetHints":{"allow":["GET"]}}],"collection":[{"href":"https:\/\/www.ambienteyenergia.gob.ec\/ambiente\/wp-json\/wp\/v2\/posts"}],"about":[{"href":"https:\/\/www.ambienteyenergia.gob.ec\/ambiente\/wp-json\/wp\/v2\/types\/post"}],"author":[{"embeddable":true,"href":"https:\/\/www.ambienteyenergia.gob.ec\/ambiente\/wp-json\/wp\/v2\/users\/13"}],"replies":[{"embeddable":true,"href":"https:\/\/www.ambienteyenergia.gob.ec\/ambiente\/wp-json\/wp\/v2\/comments?post=22720"}],"version-history":[{"count":0,"href":"https:\/\/www.ambienteyenergia.gob.ec\/ambiente\/wp-json\/wp\/v2\/posts\/22720\/revisions"}],"wp:featuredmedia":[{"embeddable":true,"href":"https:\/\/www.ambienteyenergia.gob.ec\/ambiente\/wp-json\/wp\/v2\/media\/22721"}],"wp:attachment":[{"href":"https:\/\/www.ambienteyenergia.gob.ec\/ambiente\/wp-json\/wp\/v2\/media?parent=22720"}],"wp:term":[{"taxonomy":"category","embeddable":true,"href":"https:\/\/www.ambienteyenergia.gob.ec\/ambiente\/wp-json\/wp\/v2\/categories?post=22720"},{"taxonomy":"post_tag","embeddable":true,"href":"https:\/\/www.ambienteyenergia.gob.ec\/ambiente\/wp-json\/wp\/v2\/tags?post=22720"}],"curies":[{"name":"wp","href":"https:\/\/api.w.org\/{rel}","templated":true}]}}