{"id":22715,"date":"2014-10-04T08:26:07","date_gmt":"2014-10-04T13:26:07","guid":{"rendered":"http:\/\/www.ambiente.gob.ec\/?p=22715"},"modified":"2014-10-06T08:30:02","modified_gmt":"2014-10-06T13:30:02","slug":"el-agua-un-sector-prioritario-para-la-gestion-del-mae","status":"publish","type":"post","link":"https:\/\/www.ambienteyenergia.gob.ec\/ambiente\/el-agua-un-sector-prioritario-para-la-gestion-del-mae\/","title":{"rendered":"El agua, un sector prioritario para la gesti\u00f3n del MAE"},"content":{"rendered":"<p style=\"text-align: justify;\">El agua es un recurso esencial para la vida en nuestro planeta, destinado al consumo humano, la producci\u00f3n agropecuaria e industrial. Adem\u00e1s, para el Ecuador, el agua constituye una fuente renovable de generaci\u00f3n el\u00e9ctrica, en el marco del cambio de la matriz energ\u00e9tica del pa\u00eds. Sin embargo, los recursos h\u00eddricos se ven vulnerados ante los impactos del cambio clim\u00e1tico.<\/p>\n<p style=\"text-align: justify;\">Este fen\u00f3meno se evidencia en las lluvias intensas que podr\u00edan provocar inundaciones, as\u00ed como per\u00edodos de ausencia de precipitaciones, que podr\u00edan provocar sequ\u00edas prolongadas. La distribuci\u00f3n y accesibilidad del agua se ve alterada, ante estos eventos climatol\u00f3gicos extremos.<\/p>\n<p style=\"text-align: justify;\">En respuesta a los efectos del cambio clim\u00e1tico, el Ministerio del Ambiente de Ecuador (MAE), a trav\u00e9s de la Subsecretar\u00eda de Cambio Clim\u00e1tico ha identificado el agua como uno de los cuatro sectores prioritarios de su gesti\u00f3n enmarcados en el Plan Nacional de Cambio Clim\u00e1tico (PNCC).<\/p>\n<p style=\"text-align: justify;\">\u201cEl objetivo de este Plan, es el mejorar la gesti\u00f3n integral del recurso h\u00eddrico y la gobernabilidad efectiva del agua, relacionado a las nuevas condiciones derivadas del cambio clim\u00e1tico\u201d, asegur\u00f3 la Ministra del Ambiente, Lorena Tapia.<\/p>\n<p style=\"text-align: justify;\">El Proyecto de Adaptaci\u00f3n al Cambio Clim\u00e1tico a trav\u00e9s de una Efectiva Gobernabilidad del Agua (PACC), se enfoca en disminuir la vulnerabilidad a trav\u00e9s del manejo eficiente de los recursos h\u00eddricos. Entre las principales medidas implementadas a nivel local se destacan la recuperaci\u00f3n de pr\u00e1cticas ancestrales para sistemas de filtraci\u00f3n de agua, expandir la retenci\u00f3n, recolecci\u00f3n, reciclaje, almacenamiento de agua lluvia y el mejoramiento de la distribuci\u00f3n el agua mediante sistemas de irrigaci\u00f3n eficiente.<\/p>\n<p style=\"text-align: justify;\">El PACC es un proyecto ejecutado en forma participativa, con gobiernos locales, instituciones educativas y organizacionales sociales en territorio, con el fin de fortalecer las capacidades a nivel comunitario. Con estas medidas se ha logrado beneficiar a un n\u00famero importante de comunidades en las zonas intervenidas.<\/p>\n<p style=\"text-align: justify;\">El cambio clim\u00e1tico y el consecuente retroceso de glaciares puede afectar a ecosistemas sensibles como los p\u00e1ramos. En respuesta a ello, el\u00a0 Proyecto de Adaptaci\u00f3n al Impacto Acelerado de los Glaciares en los Andes Tropicales (PRAA) es otra iniciativa que contempla el mejoramiento de la gesti\u00f3n de recursos h\u00eddricos para la adaptaci\u00f3n. \u201cEl principal objetivo de este proyecto es el contribuir a la resiliencia del ecosistema alto andino y econom\u00edas locales frente a los impactos del cambo clim\u00e1tico\u201d, dijo el Subsecretario de Cambio Clim\u00e1tico, Andr\u00e9s Hubenthal.<\/p>\n<p style=\"text-align: justify;\">Entre los ejes de acci\u00f3n est\u00e1 la conservaci\u00f3n de p\u00e1ramos y humedales, la implementaci\u00f3n de sistemas de monitoreo para evaluar la disponibilidad del agua y el fortalecimiento de la red hidrometeorol\u00f3gica nacional en zonas de altura.<\/p>\n<p style=\"text-align: justify;\">\n<p style=\"text-align: justify;\">\n","protected":false},"excerpt":{"rendered":"<p class=\"excerpt\">El agua es un recurso esencial para la vida en nuestro planeta, destinado al consumo humano, la producci\u00f3n agropecuaria e industrial. Adem\u00e1s, para el Ecuador, el agua constituye una fuente renovable de generaci\u00f3n el\u00e9ctrica, en el marco del cambio de la matriz energ\u00e9tica del pa\u00eds. Sin embargo, los recursos h\u00eddricos se ven vulnerados ante los impactos del cambio clim\u00e1tico. Este&hellip; <a href=\"https:\/\/www.ambienteyenergia.gob.ec\/ambiente\/el-agua-un-sector-prioritario-para-la-gestion-del-mae\/\">Read more &rarr;<\/a><\/p>\n","protected":false},"author":13,"featured_media":22716,"comment_status":"open","ping_status":"open","sticky":false,"template":"","format":"standard","meta":{"footnotes":""},"categories":[16,4],"tags":[],"class_list":["post-22715","post","type-post","status-publish","format-standard","has-post-thumbnail","hentry","category-comunicamos","category-noticias","xfolkentry"],"_links":{"self":[{"href":"https:\/\/www.ambienteyenergia.gob.ec\/ambiente\/wp-json\/wp\/v2\/posts\/22715","targetHints":{"allow":["GET"]}}],"collection":[{"href":"https:\/\/www.ambienteyenergia.gob.ec\/ambiente\/wp-json\/wp\/v2\/posts"}],"about":[{"href":"https:\/\/www.ambienteyenergia.gob.ec\/ambiente\/wp-json\/wp\/v2\/types\/post"}],"author":[{"embeddable":true,"href":"https:\/\/www.ambienteyenergia.gob.ec\/ambiente\/wp-json\/wp\/v2\/users\/13"}],"replies":[{"embeddable":true,"href":"https:\/\/www.ambienteyenergia.gob.ec\/ambiente\/wp-json\/wp\/v2\/comments?post=22715"}],"version-history":[{"count":0,"href":"https:\/\/www.ambienteyenergia.gob.ec\/ambiente\/wp-json\/wp\/v2\/posts\/22715\/revisions"}],"wp:featuredmedia":[{"embeddable":true,"href":"https:\/\/www.ambienteyenergia.gob.ec\/ambiente\/wp-json\/wp\/v2\/media\/22716"}],"wp:attachment":[{"href":"https:\/\/www.ambienteyenergia.gob.ec\/ambiente\/wp-json\/wp\/v2\/media?parent=22715"}],"wp:term":[{"taxonomy":"category","embeddable":true,"href":"https:\/\/www.ambienteyenergia.gob.ec\/ambiente\/wp-json\/wp\/v2\/categories?post=22715"},{"taxonomy":"post_tag","embeddable":true,"href":"https:\/\/www.ambienteyenergia.gob.ec\/ambiente\/wp-json\/wp\/v2\/tags?post=22715"}],"curies":[{"name":"wp","href":"https:\/\/api.w.org\/{rel}","templated":true}]}}