{"id":22712,"date":"2014-10-03T16:54:20","date_gmt":"2014-10-03T21:54:20","guid":{"rendered":"http:\/\/www.ambiente.gob.ec\/?p=22712"},"modified":"2014-10-03T16:54:20","modified_gmt":"2014-10-03T21:54:20","slug":"mae-realizo-el-taller-mecanismos-de-financiamiento-para-el-manejo-sostenible-de-la-tierra-mst-y-adaptacion-al-cambio-climatico","status":"publish","type":"post","link":"https:\/\/www.ambienteyenergia.gob.ec\/ambiente\/mae-realizo-el-taller-mecanismos-de-financiamiento-para-el-manejo-sostenible-de-la-tierra-mst-y-adaptacion-al-cambio-climatico\/","title":{"rendered":"MAE realiz\u00f3 el taller \u201cMecanismos de Financiamiento para el manejo Sostenible de la Tierra (MST) y Adaptaci\u00f3n al Cambio Clim\u00e1tico\u201d"},"content":{"rendered":"<p style=\"text-align: justify;\">El Ministerio del Ambiente de Ecuador (MAE), a trav\u00e9s de la Direcci\u00f3n Nacional de Adaptaci\u00f3n al Cambio Clim\u00e1tico, con el apoyo del Mecanismo Mundial (MM) y la Corporaci\u00f3n ECOPAR, realizaron el Taller Nacional \u201cMecanismos de Financiamiento para el Manejo Sostenible de la Tierra (MST) y Adaptaci\u00f3n al Cambio Clim\u00e1tico\u201d, en Quito.<\/p>\n<p style=\"text-align: justify;\">\nEl taller se bas\u00f3 principalmente en tres actividades: contextualizaci\u00f3n sobre manejo sostenible de la tierra a trav\u00e9s de la exposici\u00f3n de conceptos, criterios y algunos programas y proyectos de alcance nacional que est\u00e1 gestionando el MAE y otras organizaciones; presentaci\u00f3n de estudios de casos identificados a nivel nacional (ponencias) sobre mecanismos de financiamiento que aportan al manejo sostenible de la tierra y a la mitigaci\u00f3n y\/o adaptaci\u00f3n al Cambio Clim\u00e1tico; e identificaci\u00f3n de los lineamientos y recomendaciones para potenciar los mecanismos financieros e incentivos para pr\u00e1cticas sin\u00e9rgicas de MST y cambio clim\u00e1tico.<\/p>\n<p style=\"text-align: justify;\">\nAlexandra Olivo, Directora Nacional de Adaptaci\u00f3n al Cambio Clim\u00e1tico, explic\u00f3 que el Manejo Sostenible de la Tierra (MST) \u201cdebe enfocarse en la restauraci\u00f3n y recuperaci\u00f3n de las \u00e1reas naturales, fuertemente degradadas por la sobreexplotaci\u00f3n en el pasado; una vez recuperados los recursos naturales como el agua y suelo se pueden desarrollar actividades agropecuarias en l\u00ednea con el MST\u201d, asegurando adem\u00e1s que en el caso de actividades productivas es necesario \u201cfortalecer el comercio justo y solidario, basado principalmente en redes comerciales que conecten productores con consumidores\u201d, finaliz\u00f3.<\/p>\n<p style=\"text-align: justify;\">\nOtros expositores fueron: Alfredo D\u00e1vila, coordinador del proyecto GIDACC quien present\u00f3 la gesti\u00f3n del MAE en cuanto a manejo sostenible de la tierra, adaptaci\u00f3n y mitigaci\u00f3n del cambio clim\u00e1tico; Soledad Bastidas del Mecanismo Mundial expuso sobre la movilizaci\u00f3n de recursos innovadores para el manejo sostenible de la tierra; Pool Segarra de ECOPAR habl\u00f3 sobre las sinergias entre degradaci\u00f3n de la tierra y cambio clim\u00e1tico; y para finalizar; Mauricio Castillo de ECOPAR present\u00f3 los mecanismos financieros y pr\u00e1cticas de MST, resultados preliminares de los talleres regionales.<\/p>\n<p style=\"text-align: justify;\">\nParticiparon en el taller: Direcciones Provinciales del Ministerio del Ambiente, Ministerio de Agricultura, Ganader\u00eda, Acuacultura y Pesca (MAGAP) Coordinaci\u00f3n Zonal 4, Gobiernos Aut\u00f3nomos Descentralizados (GAD) provinciales, Empresa Municipal de Agua Potable y Alcantarillado de Guayaquil (EMAPAG EP), Organizaci\u00f3n de las Naciones Unidas para la Alimentaci\u00f3n y la Agricultura (FAO), organizaciones no gubernamentales, organizaciones campesinas.<\/p>\n","protected":false},"excerpt":{"rendered":"<p class=\"excerpt\">El Ministerio del Ambiente de Ecuador (MAE), a trav\u00e9s de la Direcci\u00f3n Nacional de Adaptaci\u00f3n al Cambio Clim\u00e1tico, con el apoyo del Mecanismo Mundial (MM) y la Corporaci\u00f3n ECOPAR, realizaron el Taller Nacional \u201cMecanismos de Financiamiento para el Manejo Sostenible de la Tierra (MST) y Adaptaci\u00f3n al Cambio Clim\u00e1tico\u201d, en Quito. El taller se bas\u00f3 principalmente en tres actividades: contextualizaci\u00f3n&hellip; <a href=\"https:\/\/www.ambienteyenergia.gob.ec\/ambiente\/mae-realizo-el-taller-mecanismos-de-financiamiento-para-el-manejo-sostenible-de-la-tierra-mst-y-adaptacion-al-cambio-climatico\/\">Read more &rarr;<\/a><\/p>\n","protected":false},"author":13,"featured_media":22713,"comment_status":"open","ping_status":"open","sticky":false,"template":"","format":"standard","meta":{"footnotes":""},"categories":[16,4],"tags":[],"class_list":["post-22712","post","type-post","status-publish","format-standard","has-post-thumbnail","hentry","category-comunicamos","category-noticias","xfolkentry"],"_links":{"self":[{"href":"https:\/\/www.ambienteyenergia.gob.ec\/ambiente\/wp-json\/wp\/v2\/posts\/22712","targetHints":{"allow":["GET"]}}],"collection":[{"href":"https:\/\/www.ambienteyenergia.gob.ec\/ambiente\/wp-json\/wp\/v2\/posts"}],"about":[{"href":"https:\/\/www.ambienteyenergia.gob.ec\/ambiente\/wp-json\/wp\/v2\/types\/post"}],"author":[{"embeddable":true,"href":"https:\/\/www.ambienteyenergia.gob.ec\/ambiente\/wp-json\/wp\/v2\/users\/13"}],"replies":[{"embeddable":true,"href":"https:\/\/www.ambienteyenergia.gob.ec\/ambiente\/wp-json\/wp\/v2\/comments?post=22712"}],"version-history":[{"count":0,"href":"https:\/\/www.ambienteyenergia.gob.ec\/ambiente\/wp-json\/wp\/v2\/posts\/22712\/revisions"}],"wp:featuredmedia":[{"embeddable":true,"href":"https:\/\/www.ambienteyenergia.gob.ec\/ambiente\/wp-json\/wp\/v2\/media\/22713"}],"wp:attachment":[{"href":"https:\/\/www.ambienteyenergia.gob.ec\/ambiente\/wp-json\/wp\/v2\/media?parent=22712"}],"wp:term":[{"taxonomy":"category","embeddable":true,"href":"https:\/\/www.ambienteyenergia.gob.ec\/ambiente\/wp-json\/wp\/v2\/categories?post=22712"},{"taxonomy":"post_tag","embeddable":true,"href":"https:\/\/www.ambienteyenergia.gob.ec\/ambiente\/wp-json\/wp\/v2\/tags?post=22712"}],"curies":[{"name":"wp","href":"https:\/\/api.w.org\/{rel}","templated":true}]}}