{"id":22709,"date":"2014-10-03T11:53:30","date_gmt":"2014-10-03T16:53:30","guid":{"rendered":"http:\/\/www.ambiente.gob.ec\/?p=22709"},"modified":"2014-10-03T11:53:30","modified_gmt":"2014-10-03T16:53:30","slug":"mae-participo-en-el-taller-de-establecimiento-de-prioridades-para-el-piloto-de-la-subregion-andina-de-la-iniciativa-de-conocimiento-de-adaptacion","status":"publish","type":"post","link":"https:\/\/www.ambienteyenergia.gob.ec\/ambiente\/mae-participo-en-el-taller-de-establecimiento-de-prioridades-para-el-piloto-de-la-subregion-andina-de-la-iniciativa-de-conocimiento-de-adaptacion\/","title":{"rendered":"MAE particip\u00f3 en el  \u201cTaller de establecimiento de Prioridades para el Piloto de la Subregi\u00f3n Andina de la iniciativa de Conocimiento de Adaptaci\u00f3n\u201d"},"content":{"rendered":"<p style=\"text-align: justify;\">Funcionarios de la Subsecretar\u00eda de Cambio Clim\u00e1tico del Ministerio del Ambiente del\u00a0 Ecuador (MAE) participaron en el Taller de establecimiento de Prioridades para el Piloto de la Subregi\u00f3n Andina de la iniciativa de Conocimiento de Adaptaci\u00f3n\u201d, organizado por el Programa de las Naciones Unidas para el Medio Ambiente (PNUMA) y el Centro Internacional de Agricultura Tropical (CIAT), en colaboraci\u00f3n con la secretar\u00eda de la Convenci\u00f3n Marco de las Naciones Unidas sobre el Cambio Clim\u00e1tico (CMNUCC).<\/p>\n<p style=\"text-align: justify;\">\n<p>El objetivo de esta reuni\u00f3n realizada en Colombia, fue eliminar las brechas de conocimiento que impiden la ampliaci\u00f3n de las medidas de adaptaci\u00f3n al cambio clim\u00e1tico, a trav\u00e9s de un proceso reiterativo de priorizaci\u00f3n de los vac\u00edos de conocimiento y la posterior ejecuci\u00f3n de las acciones de respuesta.\u2028\u2028Asimismo, se definieron los criterios a calificar para priorizar la atenci\u00f3n de esos vac\u00edos, como urgencia de atenci\u00f3n, transversalidad, incidencia sobre pol\u00edticas p\u00fablicas y seis criterios m\u00e1s que fueron puntuados por cada uno de los participantes.<\/p>\n<p style=\"text-align: justify;\">\n<p>Este an\u00e1lisis arroj\u00f3 como resultado un grupo de 10 brechas que se consideran como las m\u00e1s prioritarias de resolver para ayudar a mejorar la capacidad de adaptaci\u00f3n ante el cambio clim\u00e1tico en la Regi\u00f3n.<\/p>\n<p style=\"text-align: justify;\">\nLa participaci\u00f3n de la Subsecretar\u00eda de Cambio Clim\u00e1tico del MAE tuvo un papel protag\u00f3nico en este espacio, para atender dos de las 10 brechas priorizadas, que son: Mecanismos para incluir la adaptaci\u00f3n en los actuales instrumentos de planificaci\u00f3n, y, Vac\u00edos de Informaci\u00f3n sobre instrumentos de planificaci\u00f3n y ordenamiento territorial.<\/p>\n<p style=\"text-align: justify;\">\n<p>Debido a la experiencia que actualmente desarrolla Ecuador\u00a0 en la incorporaci\u00f3n de lineamientos de cambio clim\u00e1tico en los Planes de Desarrollo y Ordenamiento Territorial, se identific\u00f3 la oportunidad de compartir las lecciones aprendidas sobre este proceso pionero en la Subregi\u00f3n Andina.<\/p>\n","protected":false},"excerpt":{"rendered":"<p class=\"excerpt\">Funcionarios de la Subsecretar\u00eda de Cambio Clim\u00e1tico del Ministerio del Ambiente del\u00a0 Ecuador (MAE) participaron en el Taller de establecimiento de Prioridades para el Piloto de la Subregi\u00f3n Andina de la iniciativa de Conocimiento de Adaptaci\u00f3n\u201d, organizado por el Programa de las Naciones Unidas para el Medio Ambiente (PNUMA) y el Centro Internacional de Agricultura Tropical (CIAT), en colaboraci\u00f3n con&hellip; <a href=\"https:\/\/www.ambienteyenergia.gob.ec\/ambiente\/mae-participo-en-el-taller-de-establecimiento-de-prioridades-para-el-piloto-de-la-subregion-andina-de-la-iniciativa-de-conocimiento-de-adaptacion\/\">Read more &rarr;<\/a><\/p>\n","protected":false},"author":13,"featured_media":22710,"comment_status":"open","ping_status":"open","sticky":false,"template":"","format":"standard","meta":{"footnotes":""},"categories":[16,4],"tags":[],"class_list":["post-22709","post","type-post","status-publish","format-standard","has-post-thumbnail","hentry","category-comunicamos","category-noticias","xfolkentry"],"_links":{"self":[{"href":"https:\/\/www.ambienteyenergia.gob.ec\/ambiente\/wp-json\/wp\/v2\/posts\/22709","targetHints":{"allow":["GET"]}}],"collection":[{"href":"https:\/\/www.ambienteyenergia.gob.ec\/ambiente\/wp-json\/wp\/v2\/posts"}],"about":[{"href":"https:\/\/www.ambienteyenergia.gob.ec\/ambiente\/wp-json\/wp\/v2\/types\/post"}],"author":[{"embeddable":true,"href":"https:\/\/www.ambienteyenergia.gob.ec\/ambiente\/wp-json\/wp\/v2\/users\/13"}],"replies":[{"embeddable":true,"href":"https:\/\/www.ambienteyenergia.gob.ec\/ambiente\/wp-json\/wp\/v2\/comments?post=22709"}],"version-history":[{"count":0,"href":"https:\/\/www.ambienteyenergia.gob.ec\/ambiente\/wp-json\/wp\/v2\/posts\/22709\/revisions"}],"wp:featuredmedia":[{"embeddable":true,"href":"https:\/\/www.ambienteyenergia.gob.ec\/ambiente\/wp-json\/wp\/v2\/media\/22710"}],"wp:attachment":[{"href":"https:\/\/www.ambienteyenergia.gob.ec\/ambiente\/wp-json\/wp\/v2\/media?parent=22709"}],"wp:term":[{"taxonomy":"category","embeddable":true,"href":"https:\/\/www.ambienteyenergia.gob.ec\/ambiente\/wp-json\/wp\/v2\/categories?post=22709"},{"taxonomy":"post_tag","embeddable":true,"href":"https:\/\/www.ambienteyenergia.gob.ec\/ambiente\/wp-json\/wp\/v2\/tags?post=22709"}],"curies":[{"name":"wp","href":"https:\/\/api.w.org\/{rel}","templated":true}]}}