{"id":22706,"date":"2014-10-02T17:02:15","date_gmt":"2014-10-02T22:02:15","guid":{"rendered":"http:\/\/www.ambiente.gob.ec\/?p=22706"},"modified":"2014-10-02T17:02:15","modified_gmt":"2014-10-02T22:02:15","slug":"politico-espanol-cayo-lara-se-suma-a-la-campana-la-mano-sucia-de-chevron","status":"publish","type":"post","link":"https:\/\/www.ambienteyenergia.gob.ec\/ambiente\/politico-espanol-cayo-lara-se-suma-a-la-campana-la-mano-sucia-de-chevron\/","title":{"rendered":"Pol\u00edtico espa\u00f1ol Cayo Lara se suma a la campa\u00f1a La Mano Sucia de Chevron"},"content":{"rendered":"<p style=\"text-align: justify;\"><em>En la tarde de ayer, Cayo Lara, Coordinador Federal de la organizaci\u00f3n pol\u00edtica espa\u00f1ola izquierda unida, se sum\u00f3 a la campa\u00f1a La Mano Sucia de Chevron.<\/em><\/p>\n<p style=\"text-align: justify;\">\nEn el marco de su visita al pa\u00eds como parte del Encuentro Latinoamericano Progresista (ELAP) desarrollado en Quito, program\u00f3 su visita a la piscina de crudo del pozo Aguarico 4, pasivo ambiental legado de la actividad de Chevron-Texaco durante 1974 a 1986, ubicado en Sucumb\u00edos.<\/p>\n<p style=\"text-align: justify;\">\nJos\u00e9 Luis D\u00edaz, director del Programa de Reparaci\u00f3n Ambiental y Social (PRAS) del Ministerio del Ambiente de Ecuador (MAE) gui\u00f3 el recorrido de Lara, en la cual explic\u00f3 al pol\u00edtico espa\u00f1ol que \u201cTexaco utilizaba tubos met\u00e1licos a manera de zeta para evacuar agua t\u00f3xica de las piscinas a los r\u00edos de la Amazon\u00eda sin ning\u00fan tratamiento\u201d.<\/p>\n<p style=\"text-align: justify;\">\nLa piscina Aguarico 4 es una de las m\u00e1s de 1 000 piscinas contaminadas que dej\u00f3 Chevron-Texaco una vez que culminaron sus operaciones en el Distrito Amaz\u00f3nico ecuatoriano. Cayo Lara reconoci\u00f3 las afectaciones ambientales en la zona y enfatiz\u00f3 que este tipo de injusticias contra el hombre y la naturaleza no pueden quedar impunes. \u201cHe venido a comprobar el desastre ecol\u00f3gico por el que Chevron debe hacerse responsable, debe limpiar sus manos y la justicia llegar\u00e1 para que esto se cumpla\u201d, asegur\u00f3.<\/p>\n<p style=\"text-align: justify;\">\nLara es otra de las figuras internacionales que suma su apoyo al Gobierno Ecuatoriano y a los afectados en el juicio en contra de la petrolera multinacional por USD. 9 500 millones de d\u00f3lares para reparar los pasivos ambientales e indemnizar a los cerca de 32 000 afectados por las malas pr\u00e1cticas t\u00e9cnicas de la operadora estadounidense.<\/p>\n","protected":false},"excerpt":{"rendered":"<p class=\"excerpt\">En la tarde de ayer, Cayo Lara, Coordinador Federal de la organizaci\u00f3n pol\u00edtica espa\u00f1ola izquierda unida, se sum\u00f3 a la campa\u00f1a La Mano Sucia de Chevron. En el marco de su visita al pa\u00eds como parte del Encuentro Latinoamericano Progresista (ELAP) desarrollado en Quito, program\u00f3 su visita a la piscina de crudo del pozo Aguarico 4, pasivo ambiental legado de&hellip; <a href=\"https:\/\/www.ambienteyenergia.gob.ec\/ambiente\/politico-espanol-cayo-lara-se-suma-a-la-campana-la-mano-sucia-de-chevron\/\">Read more &rarr;<\/a><\/p>\n","protected":false},"author":13,"featured_media":22707,"comment_status":"open","ping_status":"open","sticky":false,"template":"","format":"standard","meta":{"footnotes":""},"categories":[16,4],"tags":[],"class_list":["post-22706","post","type-post","status-publish","format-standard","has-post-thumbnail","hentry","category-comunicamos","category-noticias","xfolkentry"],"_links":{"self":[{"href":"https:\/\/www.ambienteyenergia.gob.ec\/ambiente\/wp-json\/wp\/v2\/posts\/22706","targetHints":{"allow":["GET"]}}],"collection":[{"href":"https:\/\/www.ambienteyenergia.gob.ec\/ambiente\/wp-json\/wp\/v2\/posts"}],"about":[{"href":"https:\/\/www.ambienteyenergia.gob.ec\/ambiente\/wp-json\/wp\/v2\/types\/post"}],"author":[{"embeddable":true,"href":"https:\/\/www.ambienteyenergia.gob.ec\/ambiente\/wp-json\/wp\/v2\/users\/13"}],"replies":[{"embeddable":true,"href":"https:\/\/www.ambienteyenergia.gob.ec\/ambiente\/wp-json\/wp\/v2\/comments?post=22706"}],"version-history":[{"count":0,"href":"https:\/\/www.ambienteyenergia.gob.ec\/ambiente\/wp-json\/wp\/v2\/posts\/22706\/revisions"}],"wp:featuredmedia":[{"embeddable":true,"href":"https:\/\/www.ambienteyenergia.gob.ec\/ambiente\/wp-json\/wp\/v2\/media\/22707"}],"wp:attachment":[{"href":"https:\/\/www.ambienteyenergia.gob.ec\/ambiente\/wp-json\/wp\/v2\/media?parent=22706"}],"wp:term":[{"taxonomy":"category","embeddable":true,"href":"https:\/\/www.ambienteyenergia.gob.ec\/ambiente\/wp-json\/wp\/v2\/categories?post=22706"},{"taxonomy":"post_tag","embeddable":true,"href":"https:\/\/www.ambienteyenergia.gob.ec\/ambiente\/wp-json\/wp\/v2\/tags?post=22706"}],"curies":[{"name":"wp","href":"https:\/\/api.w.org\/{rel}","templated":true}]}}