{"id":22704,"date":"2014-10-02T16:56:50","date_gmt":"2014-10-02T21:56:50","guid":{"rendered":"http:\/\/www.ambiente.gob.ec\/?p=22704"},"modified":"2014-10-02T16:56:50","modified_gmt":"2014-10-02T21:56:50","slug":"comunidades-indigenas-de-la-amazonia-ecuatoriana-se-capacitaran-en-planes-de-manejo-territorial","status":"publish","type":"post","link":"https:\/\/www.ambienteyenergia.gob.ec\/ambiente\/comunidades-indigenas-de-la-amazonia-ecuatoriana-se-capacitaran-en-planes-de-manejo-territorial\/","title":{"rendered":"Comunidades ind\u00edgenas de la Amazon\u00eda ecuatoriana se capacitaran en planes de manejo territorial"},"content":{"rendered":"<p style=\"text-align: justify;\">El Ministerio del Ambiente (MAE) a trav\u00e9s del \u201cPrograma Desarrollo Sostenible de la Reserva de Bi\u00f3sfera Yasun\u00ed\u201d que cuenta con el apoyo de la Cooperaci\u00f3n Alemana al Desarrollo (GIZ), realizar\u00e1 el pr\u00f3ximo d\u00eda martes 7 de octubre la inauguraci\u00f3n del proceso de capacitaci\u00f3n \u201cPlanes de Uso y Manejo Territorial\u201d en el Auditorio del Vicariato Apost\u00f3lico de Orellana a partir de las 9:00.<\/p>\n<p style=\"text-align: justify;\">\nEl encuentro que se desarrollar\u00e1 en Francisco de Orellana congregar\u00e1 a hombres y mujeres delegados de las comunidades ind\u00edgenas Kichwa, Waorani y Shuar, quienes por medio de cuatro talleres de capacitaci\u00f3n podr\u00e1n elaborar Planes de Uso y Manejo Territorial poniendo en pr\u00e1ctica herramientas conceptuales, metodol\u00f3gicas y operativas que permitir\u00e1n planificar de mejor manera el desarrollo de sus actividades cotidianas.<\/p>\n<p style=\"text-align: justify;\">\nEn esta oportunidad el taller contar\u00e1 con la participaci\u00f3n de las comunidades Waorani: Miwawno, Yawepare, Nampaweno, Tobeta y Kichwas. De la rivera del r\u00edo Napo estar\u00e1n representantes de las zonas de Chiro Isla, Samona, Sinchichikta, San Vicente, Puerto Miranda, Llanchama, Boca del Tiputini y Alta Florencia.<\/p>\n<p style=\"text-align: justify;\">\nEl \u201cPrograma Desarrollo Sostenible de la Reserva Bi\u00f3sfera Yasun\u00ed\u201d tiene como su principal objetivo contribuir a la conservaci\u00f3n, integralidad ecol\u00f3gica &#8211; cultural y desarrollo sostenible de la Reserva de Bi\u00f3sfera Yasun\u00ed (RBY) promoviendo la participaci\u00f3n de los actores locales, organizaciones ind\u00edgenas y mestizas.<\/p>\n","protected":false},"excerpt":{"rendered":"<p class=\"excerpt\">El Ministerio del Ambiente (MAE) a trav\u00e9s del \u201cPrograma Desarrollo Sostenible de la Reserva de Bi\u00f3sfera Yasun\u00ed\u201d que cuenta con el apoyo de la Cooperaci\u00f3n Alemana al Desarrollo (GIZ), realizar\u00e1 el pr\u00f3ximo d\u00eda martes 7 de octubre la inauguraci\u00f3n del proceso de capacitaci\u00f3n \u201cPlanes de Uso y Manejo Territorial\u201d en el Auditorio del Vicariato Apost\u00f3lico de Orellana a partir de&hellip; <a href=\"https:\/\/www.ambienteyenergia.gob.ec\/ambiente\/comunidades-indigenas-de-la-amazonia-ecuatoriana-se-capacitaran-en-planes-de-manejo-territorial\/\">Read more &rarr;<\/a><\/p>\n","protected":false},"author":13,"featured_media":20789,"comment_status":"open","ping_status":"open","sticky":false,"template":"","format":"standard","meta":{"footnotes":""},"categories":[16,4],"tags":[],"class_list":["post-22704","post","type-post","status-publish","format-standard","has-post-thumbnail","hentry","category-comunicamos","category-noticias","xfolkentry"],"_links":{"self":[{"href":"https:\/\/www.ambienteyenergia.gob.ec\/ambiente\/wp-json\/wp\/v2\/posts\/22704","targetHints":{"allow":["GET"]}}],"collection":[{"href":"https:\/\/www.ambienteyenergia.gob.ec\/ambiente\/wp-json\/wp\/v2\/posts"}],"about":[{"href":"https:\/\/www.ambienteyenergia.gob.ec\/ambiente\/wp-json\/wp\/v2\/types\/post"}],"author":[{"embeddable":true,"href":"https:\/\/www.ambienteyenergia.gob.ec\/ambiente\/wp-json\/wp\/v2\/users\/13"}],"replies":[{"embeddable":true,"href":"https:\/\/www.ambienteyenergia.gob.ec\/ambiente\/wp-json\/wp\/v2\/comments?post=22704"}],"version-history":[{"count":0,"href":"https:\/\/www.ambienteyenergia.gob.ec\/ambiente\/wp-json\/wp\/v2\/posts\/22704\/revisions"}],"wp:featuredmedia":[{"embeddable":true,"href":"https:\/\/www.ambienteyenergia.gob.ec\/ambiente\/wp-json\/wp\/v2\/media\/20789"}],"wp:attachment":[{"href":"https:\/\/www.ambienteyenergia.gob.ec\/ambiente\/wp-json\/wp\/v2\/media?parent=22704"}],"wp:term":[{"taxonomy":"category","embeddable":true,"href":"https:\/\/www.ambienteyenergia.gob.ec\/ambiente\/wp-json\/wp\/v2\/categories?post=22704"},{"taxonomy":"post_tag","embeddable":true,"href":"https:\/\/www.ambienteyenergia.gob.ec\/ambiente\/wp-json\/wp\/v2\/tags?post=22704"}],"curies":[{"name":"wp","href":"https:\/\/api.w.org\/{rel}","templated":true}]}}