{"id":22701,"date":"2014-10-02T16:18:07","date_gmt":"2014-10-02T21:18:07","guid":{"rendered":"http:\/\/www.ambiente.gob.ec\/?p=22701"},"modified":"2014-10-02T16:18:07","modified_gmt":"2014-10-02T21:18:07","slug":"ministra-tapia-suscribio-dos-contratos-de-aporte-financiero-con-el-banco-de-la-cooperacion-alemana-al-desarrollo-kfw","status":"publish","type":"post","link":"https:\/\/www.ambienteyenergia.gob.ec\/ambiente\/ministra-tapia-suscribio-dos-contratos-de-aporte-financiero-con-el-banco-de-la-cooperacion-alemana-al-desarrollo-kfw\/","title":{"rendered":"Ministra Tapia suscribi\u00f3 dos contratos de aporte financiero con el Banco de la Cooperaci\u00f3n Alemana al Desarrollo &#8211; KfW"},"content":{"rendered":"<p>Hoy, en Quito, la Ministra del Ambiente del Ecuador, Lorena Tapia, suscribi\u00f3 los Contratos de Aporte Financiero del Programa de Reserva de Bi\u00f3sfera Yasun\u00ed componentes: \u201cApoyo al Manejo de \u00c1reas Protegidas\u201d y \u201cFortalecimiento del Sistema de Monitoreo de Bosques a Nivel Nacional\u201d, por un valor de 5,5 millones de euros, cada uno.<\/p>\n<p>Esta aporte econ\u00f3mico brindado por la cooperaci\u00f3n financiera del Gobierno alem\u00e1n, a trav\u00e9s del Banco de Cooperaci\u00f3n Alemana al Desarrollo \u2013 KfW, se encuentra dentro del marco de las Negociaciones Intergubernamentales sobre la Cooperaci\u00f3n para el Desarrollo entre la Rep\u00fablica del Ecuador y la Rep\u00fablica Federal de Alemania celebradas en octubre de 2012.<\/p>\n<p>En este sentido la m\u00e1xima Autoridad Ambiental recalc\u00f3 sobre la importancia de este tipo de acuerdo bilaterales, en busca de generar cambios para beneficio de todas y todos los ecuatorianos. \u201choy es un d\u00eda importante ya que la firma de estos convenios son de vital importancia para nuestra meta de restauraci\u00f3n forestal y consolidar el trabajo que ejecutamos en nuestras \u00e1reas protegidas\u201d, enfatiz\u00f3 Tapia.<\/p>\n<p>Por su parte Alexander Olbrich, embajador de Alemania en Ecuador, reconoci\u00f3 que este convenio es una gran satisfacci\u00f3n para el gobierno alem\u00e1n que ha contribuido a los esfuerzos de conservaci\u00f3n que lleva a cabo el Gobierno Nacional, con una sola meta, la de garantizar la protecci\u00f3n de un ecosistema \u00fanico en el mundo, como lo es el Yasun\u00ed, que se ha constituido como un referente mundial en materia de conservaci\u00f3n.<\/p>\n<p>La asignaci\u00f3n servir\u00e1 para cofinanciar actividades que fortalecer\u00e1n la gesti\u00f3n del Ministerio del Ambiente del Ecuador (MAE) a nivel nacional, fomentando la sostenibilidad financiera, e impulsando actividades que contribuir\u00e1n a un manejo sostenible de los recursos naturales.<\/p>\n<p>Lutz Horn Haacke, Gerente de Proyectos del KfW, agradeci\u00f3 el compromiso y la labore de esta Cartera de Estado en el desarrollo de diferentes iniciativas y programas de conservaci\u00f3n, en el marco del desarrollo de una sociedad arm\u00f3nica con el ambiente, con el objetivo de seguir ampliando este tipo de convenios que no solo benefician al pa\u00eds, sino al mundo entero.<\/p>\n<p>Esta nueva contribuci\u00f3n complementa a los aportes financieros otorgados para el Programa de Conservaci\u00f3n de Bosques y REDD+. En este sentido, el Gobierno alem\u00e1n se consolida como un socio estrat\u00e9gico para la gesti\u00f3n ambiental nacional, por medio de cooperaci\u00f3n t\u00e9cnica y financiera no reembolsable.<\/p>\n<p>\u201cEs compromiso de todos generar cambios en nuestro pa\u00eds que contribuyan al cambio de matriz productiva y de conservaci\u00f3n ambiental, pues de nosotros depende que nuestras futuras generaciones se preocupen por mantener la herencia de conservaci\u00f3n que les dejamos\u201d, mencion\u00f3 Lorena Tapia, al finalizar la firma de convenios.<\/p>\n<p><strong>El Dato<\/strong><\/p>\n<p>El Programa de Reserva de Bi\u00f3sfera Yasun\u00ed cuenta con aportaciones financieras de 17.5 millones de euros, divididos en los siguientes componentes:<br \/>\n\u2022\u00a0\u00a0 \u00a0Fortalecimiento del Monitoreo de Bosques a Nivel Nacional.<br \/>\n\u2022\u00a0\u00a0 \u00a0Manejo de \u00c1reas Protegidas.<br \/>\n\u2022\u00a0\u00a0 \u00a0Conservaci\u00f3n de Bosques \u2013 Socio Bosque.<br \/>\n\u2022\u00a0\u00a0 \u00a0Conservaci\u00f3n de Bosques y REDD+.<\/p>\n","protected":false},"excerpt":{"rendered":"<p class=\"excerpt\">Hoy, en Quito, la Ministra del Ambiente del Ecuador, Lorena Tapia, suscribi\u00f3 los Contratos de Aporte Financiero del Programa de Reserva de Bi\u00f3sfera Yasun\u00ed componentes: \u201cApoyo al Manejo de \u00c1reas Protegidas\u201d y \u201cFortalecimiento del Sistema de Monitoreo de Bosques a Nivel Nacional\u201d, por un valor de 5,5 millones de euros, cada uno. Esta aporte econ\u00f3mico brindado por la cooperaci\u00f3n financiera&hellip; <a href=\"https:\/\/www.ambienteyenergia.gob.ec\/ambiente\/ministra-tapia-suscribio-dos-contratos-de-aporte-financiero-con-el-banco-de-la-cooperacion-alemana-al-desarrollo-kfw\/\">Read more &rarr;<\/a><\/p>\n","protected":false},"author":13,"featured_media":22702,"comment_status":"open","ping_status":"open","sticky":false,"template":"","format":"standard","meta":{"footnotes":""},"categories":[16,4],"tags":[],"class_list":["post-22701","post","type-post","status-publish","format-standard","has-post-thumbnail","hentry","category-comunicamos","category-noticias","xfolkentry"],"_links":{"self":[{"href":"https:\/\/www.ambienteyenergia.gob.ec\/ambiente\/wp-json\/wp\/v2\/posts\/22701","targetHints":{"allow":["GET"]}}],"collection":[{"href":"https:\/\/www.ambienteyenergia.gob.ec\/ambiente\/wp-json\/wp\/v2\/posts"}],"about":[{"href":"https:\/\/www.ambienteyenergia.gob.ec\/ambiente\/wp-json\/wp\/v2\/types\/post"}],"author":[{"embeddable":true,"href":"https:\/\/www.ambienteyenergia.gob.ec\/ambiente\/wp-json\/wp\/v2\/users\/13"}],"replies":[{"embeddable":true,"href":"https:\/\/www.ambienteyenergia.gob.ec\/ambiente\/wp-json\/wp\/v2\/comments?post=22701"}],"version-history":[{"count":0,"href":"https:\/\/www.ambienteyenergia.gob.ec\/ambiente\/wp-json\/wp\/v2\/posts\/22701\/revisions"}],"wp:featuredmedia":[{"embeddable":true,"href":"https:\/\/www.ambienteyenergia.gob.ec\/ambiente\/wp-json\/wp\/v2\/media\/22702"}],"wp:attachment":[{"href":"https:\/\/www.ambienteyenergia.gob.ec\/ambiente\/wp-json\/wp\/v2\/media?parent=22701"}],"wp:term":[{"taxonomy":"category","embeddable":true,"href":"https:\/\/www.ambienteyenergia.gob.ec\/ambiente\/wp-json\/wp\/v2\/categories?post=22701"},{"taxonomy":"post_tag","embeddable":true,"href":"https:\/\/www.ambienteyenergia.gob.ec\/ambiente\/wp-json\/wp\/v2\/tags?post=22701"}],"curies":[{"name":"wp","href":"https:\/\/api.w.org\/{rel}","templated":true}]}}