{"id":22698,"date":"2014-10-02T16:15:48","date_gmt":"2014-10-02T21:15:48","guid":{"rendered":"http:\/\/www.ambiente.gob.ec\/?p=22698"},"modified":"2014-10-02T16:15:48","modified_gmt":"2014-10-02T21:15:48","slug":"guardaparques-de-la-reserva-chimborazo-se-capacitan-en-temas-de-biodiversidad","status":"publish","type":"post","link":"https:\/\/www.ambienteyenergia.gob.ec\/ambiente\/guardaparques-de-la-reserva-chimborazo-se-capacitan-en-temas-de-biodiversidad\/","title":{"rendered":"Guardaparques de la Reserva Chimborazo se capacitan en temas de biodiversidad"},"content":{"rendered":"<p style=\"text-align: justify;\">Con la participaci\u00f3n de 25 Guardaparques de la Reserva de Producci\u00f3n de Fauna Chimborazo, se desarroll\u00f3 el taller denominado \u201cFlora de los P\u00e1ramos de la Reserva de Producci\u00f3n de Fauna Chimborazo\u201d, a cargo de\u00a0 un especialista de la Escuela Superior Polit\u00e9cnica de Chimborazo (ESPOCH).<\/p>\n<p style=\"text-align: justify;\">\nDurante 5 horas, personal de guardaparques de forma l\u00fadica profundizaron conocimientos de la biodiversidad existente en el \u00e1rea protegida, las especies de flora, la clasificaci\u00f3n, caracter\u00edsticas y ubicaci\u00f3n de la flora.<\/p>\n<p style=\"text-align: justify;\">\nEl objetivo de este taller, es para que los funcionarios puedan conocer e identificar la biodiversidad en las zonas de trabajo.<\/p>\n<p style=\"text-align: justify;\">\nSe espera que al final del taller pr\u00e1ctico los guardaparques puedan realizar un \u00e1lbum de fotograf\u00edas como herramienta de educaci\u00f3n ambiental y exposici\u00f3n para turistas nacionales y extranjeros que visitan esta importante \u00e1rea protegida de la provincia.<\/p>\n<p style=\"text-align: justify;\">\nLos talleres de capacitaci\u00f3n se efectuar\u00e1n todos d\u00edas\u00a0 jueves del mes octubre. El responsable del Herbario de la ESPOCH es el Ing. Jorgue Caranqui, especialista\u00a0 encargado de fortalecer los conocimientos del personal del Ministerio del Ambiente en Chimborazo.<\/p>\n","protected":false},"excerpt":{"rendered":"<p class=\"excerpt\">Con la participaci\u00f3n de 25 Guardaparques de la Reserva de Producci\u00f3n de Fauna Chimborazo, se desarroll\u00f3 el taller denominado \u201cFlora de los P\u00e1ramos de la Reserva de Producci\u00f3n de Fauna Chimborazo\u201d, a cargo de\u00a0 un especialista de la Escuela Superior Polit\u00e9cnica de Chimborazo (ESPOCH). Durante 5 horas, personal de guardaparques de forma l\u00fadica profundizaron conocimientos de la biodiversidad existente en&hellip; <a href=\"https:\/\/www.ambienteyenergia.gob.ec\/ambiente\/guardaparques-de-la-reserva-chimborazo-se-capacitan-en-temas-de-biodiversidad\/\">Read more &rarr;<\/a><\/p>\n","protected":false},"author":13,"featured_media":22699,"comment_status":"open","ping_status":"open","sticky":false,"template":"","format":"standard","meta":{"footnotes":""},"categories":[16,4],"tags":[],"class_list":["post-22698","post","type-post","status-publish","format-standard","has-post-thumbnail","hentry","category-comunicamos","category-noticias","xfolkentry"],"_links":{"self":[{"href":"https:\/\/www.ambienteyenergia.gob.ec\/ambiente\/wp-json\/wp\/v2\/posts\/22698","targetHints":{"allow":["GET"]}}],"collection":[{"href":"https:\/\/www.ambienteyenergia.gob.ec\/ambiente\/wp-json\/wp\/v2\/posts"}],"about":[{"href":"https:\/\/www.ambienteyenergia.gob.ec\/ambiente\/wp-json\/wp\/v2\/types\/post"}],"author":[{"embeddable":true,"href":"https:\/\/www.ambienteyenergia.gob.ec\/ambiente\/wp-json\/wp\/v2\/users\/13"}],"replies":[{"embeddable":true,"href":"https:\/\/www.ambienteyenergia.gob.ec\/ambiente\/wp-json\/wp\/v2\/comments?post=22698"}],"version-history":[{"count":0,"href":"https:\/\/www.ambienteyenergia.gob.ec\/ambiente\/wp-json\/wp\/v2\/posts\/22698\/revisions"}],"wp:featuredmedia":[{"embeddable":true,"href":"https:\/\/www.ambienteyenergia.gob.ec\/ambiente\/wp-json\/wp\/v2\/media\/22699"}],"wp:attachment":[{"href":"https:\/\/www.ambienteyenergia.gob.ec\/ambiente\/wp-json\/wp\/v2\/media?parent=22698"}],"wp:term":[{"taxonomy":"category","embeddable":true,"href":"https:\/\/www.ambienteyenergia.gob.ec\/ambiente\/wp-json\/wp\/v2\/categories?post=22698"},{"taxonomy":"post_tag","embeddable":true,"href":"https:\/\/www.ambienteyenergia.gob.ec\/ambiente\/wp-json\/wp\/v2\/tags?post=22698"}],"curies":[{"name":"wp","href":"https:\/\/api.w.org\/{rel}","templated":true}]}}