{"id":22688,"date":"2014-10-01T16:38:22","date_gmt":"2014-10-01T21:38:22","guid":{"rendered":"http:\/\/www.ambiente.gob.ec\/?p=22688"},"modified":"2014-10-01T16:38:22","modified_gmt":"2014-10-01T21:38:22","slug":"ecuador-sera-sede-de-la-xi-conferencia-de-la-parte-de-la-convencion-sobre-conservacion-de-especies-migratorias-de-animales-silvestres","status":"publish","type":"post","link":"https:\/\/www.ambienteyenergia.gob.ec\/ambiente\/ecuador-sera-sede-de-la-xi-conferencia-de-la-parte-de-la-convencion-sobre-conservacion-de-especies-migratorias-de-animales-silvestres\/","title":{"rendered":"Ecuador ser\u00e1 sede de la XI Conferencia de la Parte de la Convenci\u00f3n sobre Conservaci\u00f3n de Especies Migratorias de Animales Silvestres"},"content":{"rendered":"<p style=\"text-align: justify;\">Entre el 4 y el 9 de noviembre de 2014, Ecuador recibir\u00e1 la visita de aproximadamente 700 delegados de m\u00e1s de 119 pa\u00edses que participar\u00e1n en el Conferencia de las Partes N\u00b0 11, en el marco de la Convenci\u00f3n sobre Conservaci\u00f3n de Especies Migratorias de Animales Silvestres (CMS)<\/p>\n<p style=\"text-align: justify;\">\n\u201cEsta Convenci\u00f3n de Especies Migratorias es un tratado internacional del Programa de las Naciones Unidas para la Protecci\u00f3n del Ambiente, que busca asegurar la supervivencia de las especies migratorias y sus h\u00e1bitats, a trav\u00e9s de la aplicaci\u00f3n de mecanismos locales e internacionales que garanticen la supervivencia de estas especies amenazadas a nivel mundial\u201d, asegura la Ministra del Ambiente, Lorena Tapia.<\/p>\n<p style=\"text-align: justify;\">\nEcuador, por su riqueza en especies migratorias e inclusi\u00f3n de los derechos de la naturaleza, fue elegido para ser el pa\u00eds anfitri\u00f3n de la D\u00e9cima Primera Conferencia de las Partes, que se celebrar\u00e1 en Quito.<\/p>\n<p style=\"text-align: justify;\">\nEsta iniciativa mundial constituye una oportunidad para demostrar el liderazgo del Ecuador en materia ambiental, por medio de la ejecuci\u00f3n de proyectos a nivel nacional para la protecci\u00f3n de especies silvestres en el pa\u00eds.<\/p>\n<p style=\"text-align: justify;\">\n<strong>El Dato<\/strong><br \/>\nLa Conferencia de las Partes (COP por sus siglas en ingl\u00e9s) es el \u00f3rgano por el cual los estados signatarios se re\u00fanen para decidir sobre el futuro de las especies migratorias y ocurre cada tres a\u00f1os.<\/p>\n<p style=\"text-align: justify;\">\nEn noviembre de 2013, durante la Reuni\u00f3n del Comit\u00e9 Permanente de la Convenci\u00f3n sobre la Protecci\u00f3n de Especies Migratorias de Animales Silvestres, en Bonn \u2013 Alemania, se analiz\u00f3 las opciones de sede de la d\u00e9cima primera Conferencia de las Partes (COP11) de este instrumento internacional.<\/p>\n<p style=\"text-align: justify;\">\nAl respecto, Chile como Representante Regional (Subregi\u00f3n Am\u00e9rica del Sur) sugiri\u00f3 a Ecuador como posible anfitri\u00f3n de la COP11, debido a su riqueza natural y a la cumplimiento de tratado internacionales sobre vida silvestre, mediante el gran compromiso pol\u00edtico del Gobierno de la Revoluci\u00f3n Ciudadana.<\/p>\n","protected":false},"excerpt":{"rendered":"<p class=\"excerpt\">Entre el 4 y el 9 de noviembre de 2014, Ecuador recibir\u00e1 la visita de aproximadamente 700 delegados de m\u00e1s de 119 pa\u00edses que participar\u00e1n en el Conferencia de las Partes N\u00b0 11, en el marco de la Convenci\u00f3n sobre Conservaci\u00f3n de Especies Migratorias de Animales Silvestres (CMS) \u201cEsta Convenci\u00f3n de Especies Migratorias es un tratado internacional del Programa de&hellip; <a href=\"https:\/\/www.ambienteyenergia.gob.ec\/ambiente\/ecuador-sera-sede-de-la-xi-conferencia-de-la-parte-de-la-convencion-sobre-conservacion-de-especies-migratorias-de-animales-silvestres\/\">Read more &rarr;<\/a><\/p>\n","protected":false},"author":13,"featured_media":22689,"comment_status":"open","ping_status":"open","sticky":false,"template":"","format":"standard","meta":{"footnotes":""},"categories":[16,4],"tags":[],"class_list":["post-22688","post","type-post","status-publish","format-standard","has-post-thumbnail","hentry","category-comunicamos","category-noticias","xfolkentry"],"_links":{"self":[{"href":"https:\/\/www.ambienteyenergia.gob.ec\/ambiente\/wp-json\/wp\/v2\/posts\/22688","targetHints":{"allow":["GET"]}}],"collection":[{"href":"https:\/\/www.ambienteyenergia.gob.ec\/ambiente\/wp-json\/wp\/v2\/posts"}],"about":[{"href":"https:\/\/www.ambienteyenergia.gob.ec\/ambiente\/wp-json\/wp\/v2\/types\/post"}],"author":[{"embeddable":true,"href":"https:\/\/www.ambienteyenergia.gob.ec\/ambiente\/wp-json\/wp\/v2\/users\/13"}],"replies":[{"embeddable":true,"href":"https:\/\/www.ambienteyenergia.gob.ec\/ambiente\/wp-json\/wp\/v2\/comments?post=22688"}],"version-history":[{"count":0,"href":"https:\/\/www.ambienteyenergia.gob.ec\/ambiente\/wp-json\/wp\/v2\/posts\/22688\/revisions"}],"wp:featuredmedia":[{"embeddable":true,"href":"https:\/\/www.ambienteyenergia.gob.ec\/ambiente\/wp-json\/wp\/v2\/media\/22689"}],"wp:attachment":[{"href":"https:\/\/www.ambienteyenergia.gob.ec\/ambiente\/wp-json\/wp\/v2\/media?parent=22688"}],"wp:term":[{"taxonomy":"category","embeddable":true,"href":"https:\/\/www.ambienteyenergia.gob.ec\/ambiente\/wp-json\/wp\/v2\/categories?post=22688"},{"taxonomy":"post_tag","embeddable":true,"href":"https:\/\/www.ambienteyenergia.gob.ec\/ambiente\/wp-json\/wp\/v2\/tags?post=22688"}],"curies":[{"name":"wp","href":"https:\/\/api.w.org\/{rel}","templated":true}]}}