{"id":22682,"date":"2014-10-01T10:57:35","date_gmt":"2014-10-01T15:57:35","guid":{"rendered":"http:\/\/www.ambiente.gob.ec\/?p=22682"},"modified":"2014-10-01T10:57:35","modified_gmt":"2014-10-01T15:57:35","slug":"mae-decomisa-20-libras-de-carne-de-monte-en-orellana","status":"publish","type":"post","link":"https:\/\/www.ambienteyenergia.gob.ec\/ambiente\/mae-decomisa-20-libras-de-carne-de-monte-en-orellana\/","title":{"rendered":"MAE decomisa 20 libras de carne de monte en Orellana"},"content":{"rendered":"<p style=\"text-align: justify;\">El Ministerio del Ambiente de Ecuador (MAE) en cumplimiento de la Normativa Ambiental Vigente, realiza operativos de control de vida silvestre a nivel nacional, con el fin de evitar la tenencia, comercializaci\u00f3n y tr\u00e1fico de especies y material constitutivo.<\/p>\n<p style=\"text-align: justify;\">\nEs por tal motivo que la Direcci\u00f3n Provincial del Ambiente de Orellana, en un trabajo conjunto con la Unidad de Protecci\u00f3n del Medio Ambiente (UPMA) de la Polic\u00eda Nacional, efectu\u00f3 un operativo en la parroquia Huaticocha, perteneciente al cant\u00f3n Loreto, en el cual, mediante una revisi\u00f3n a veh\u00edculos de transporte p\u00fablico, privado y de carga se logr\u00f3 decomisar cerca de 20 libras de carne de monte.<\/p>\n<p style=\"text-align: justify;\">\nEl producto retenido correspond\u00eda a las especies de oso hormiguero y guatuso, raz\u00f3n por la cual t\u00e9cnicos de biodiversidad trasladaron el material con el fin de iniciar el correspondiente proceso administrativo a los involucrados en esta actividad, que es considerada ilegal al tratarse de espec\u00edmenes de vida silvestre.<\/p>\n<p style=\"text-align: justify;\">\nEl MAE hace un llamado a la ciudadan\u00eda para que entreguen de forma voluntaria o denuncien la tenencia, caza, comercializaci\u00f3n y trafico ilegal de vida silvestre llamando al 1800 Ambiente (2624368) la compra, venta o tenencia de vida silvestre en la provincia.<\/p>\n","protected":false},"excerpt":{"rendered":"<p class=\"excerpt\">El Ministerio del Ambiente de Ecuador (MAE) en cumplimiento de la Normativa Ambiental Vigente, realiza operativos de control de vida silvestre a nivel nacional, con el fin de evitar la tenencia, comercializaci\u00f3n y tr\u00e1fico de especies y material constitutivo. Es por tal motivo que la Direcci\u00f3n Provincial del Ambiente de Orellana, en un trabajo conjunto con la Unidad de Protecci\u00f3n&hellip; <a href=\"https:\/\/www.ambienteyenergia.gob.ec\/ambiente\/mae-decomisa-20-libras-de-carne-de-monte-en-orellana\/\">Read more &rarr;<\/a><\/p>\n","protected":false},"author":13,"featured_media":22683,"comment_status":"open","ping_status":"open","sticky":false,"template":"","format":"standard","meta":{"footnotes":""},"categories":[16,4],"tags":[],"class_list":["post-22682","post","type-post","status-publish","format-standard","has-post-thumbnail","hentry","category-comunicamos","category-noticias","xfolkentry"],"_links":{"self":[{"href":"https:\/\/www.ambienteyenergia.gob.ec\/ambiente\/wp-json\/wp\/v2\/posts\/22682","targetHints":{"allow":["GET"]}}],"collection":[{"href":"https:\/\/www.ambienteyenergia.gob.ec\/ambiente\/wp-json\/wp\/v2\/posts"}],"about":[{"href":"https:\/\/www.ambienteyenergia.gob.ec\/ambiente\/wp-json\/wp\/v2\/types\/post"}],"author":[{"embeddable":true,"href":"https:\/\/www.ambienteyenergia.gob.ec\/ambiente\/wp-json\/wp\/v2\/users\/13"}],"replies":[{"embeddable":true,"href":"https:\/\/www.ambienteyenergia.gob.ec\/ambiente\/wp-json\/wp\/v2\/comments?post=22682"}],"version-history":[{"count":0,"href":"https:\/\/www.ambienteyenergia.gob.ec\/ambiente\/wp-json\/wp\/v2\/posts\/22682\/revisions"}],"wp:featuredmedia":[{"embeddable":true,"href":"https:\/\/www.ambienteyenergia.gob.ec\/ambiente\/wp-json\/wp\/v2\/media\/22683"}],"wp:attachment":[{"href":"https:\/\/www.ambienteyenergia.gob.ec\/ambiente\/wp-json\/wp\/v2\/media?parent=22682"}],"wp:term":[{"taxonomy":"category","embeddable":true,"href":"https:\/\/www.ambienteyenergia.gob.ec\/ambiente\/wp-json\/wp\/v2\/categories?post=22682"},{"taxonomy":"post_tag","embeddable":true,"href":"https:\/\/www.ambienteyenergia.gob.ec\/ambiente\/wp-json\/wp\/v2\/tags?post=22682"}],"curies":[{"name":"wp","href":"https:\/\/api.w.org\/{rel}","templated":true}]}}