{"id":22676,"date":"2014-09-30T16:38:59","date_gmt":"2014-09-30T21:38:59","guid":{"rendered":"http:\/\/www.ambiente.gob.ec\/?p=22676"},"modified":"2014-09-30T16:38:59","modified_gmt":"2014-09-30T21:38:59","slug":"mae-participa-en-el-foro-internacional-de-gobernanza-forestal-que-se-desarrolla-en-quito","status":"publish","type":"post","link":"https:\/\/www.ambienteyenergia.gob.ec\/ambiente\/mae-participa-en-el-foro-internacional-de-gobernanza-forestal-que-se-desarrolla-en-quito\/","title":{"rendered":"MAE participa en el Foro Internacional de Gobernanza forestal que se desarrolla en Quito"},"content":{"rendered":"<p style=\"text-align: justify;\">Hoy, se inauguro el Foro de Gobernanza, Sistemas de Verificaci\u00f3n de la legalidad y competitividad del Sector Forestal en Am\u00e9rica Latina, con la participaci\u00f3n de 150 representantes del sector p\u00fablico, privado, sociedad civil, organizaciones no gubernamentales y comunidades ind\u00edgenas de 14 pa\u00edses de la regi\u00f3n y del mundo.<\/p>\n<p style=\"text-align: justify;\">Con el apoyo del Ministerio del Ambiente de Ecuador (MAE), este encuentro internacional busca liderar el intercambio de experiencias de los pa\u00edses de la regi\u00f3n a fin de promover lecciones aprendidas y retos de la Gobernanza Forestal que ayuden al fortalecimiento de la institucionalidad forestal de los pa\u00edses, sus capacidades de los sectores, todo en beneficio de un desarrollo forestal sostenible equitativo y justo.<\/p>\n<p style=\"text-align: justify;\">Durante la inauguraci\u00f3n del evento que estuvo a cargo de varios representantes de organismos internacionales, la Ministra del Ambiente de Ecuador, Lorena Tapia agradeci\u00f3 la realizaci\u00f3n de este evento en nuestro pa\u00eds. \u201cEn los escenarios nacionales, los bosques son factores esenciales para promover un ambiente sano y ecol\u00f3gicamente equilibrado, en la necesidad de garantizar un buen vivir\u00a0 en el Ecuador\u201d, enfatiz\u00f3 Tapia.<\/p>\n<p style=\"text-align: justify;\">Por su parte Peter Schwaiger, Delegado de la Uni\u00f3n Europea en Ecuador reconoci\u00f3 que esta iniciativa busca vincular a los sectores de la sociedad civil y pueblos ind\u00edgenas con este tipo de estrategias con el objetivo de desarrollar una pol\u00edtica de gobernanza acorde a la realidad local, tomando en consideraci\u00f3n la mejora del comercio legal de productos forestales, en un ambiente propicio que involucre el desarrollo socio econ\u00f3mico de los pueblos involucrados.<\/p>\n<p style=\"text-align: justify;\">Ecuador cuenta, desde el a\u00f1o 2013 la Pol\u00edtica Nacional de Gobernanza del Patrimonio Natural para la sociedad del Buen Vivir 2013-2017, cuyo objetivo general es orientar las acciones y estrategias que permitan una gesti\u00f3n institucional del patrimonio natural que posibiliten su adecuada inserci\u00f3n en la din\u00e1mica econ\u00f3mica del pa\u00eds.<\/p>\n<p style=\"text-align: justify;\">\u201cLos esfuerzos que hoy reafirmamos por preservar y mejorar los recursos forestales\u00a0 del Ecuador son evidencias de cambios en la conciencia de cada uno de nosotros y en la decisiones tomadas hacia un mundo mejor, hacia un mundo en donde los bosques como eje central\u00a0 pueden y deben contribuir a la reducci\u00f3n del hambre, a garantizar la sostenibilidad del medio ambiente y a mitigar los impactos del cambio clim\u00e1tico\u201d, finaliz\u00f3 su intervenci\u00f3n la Ministra del Ambiente, Lorena Tapia.<\/p>\n<p style=\"text-align: justify;\">Este foro se extender\u00e1 hasta el pr\u00f3ximo d\u00eda viernes, en el que los participantes tendr\u00e1n la oportunidad de conocer de cerca las experiencias de los pa\u00edses participantes en relaci\u00f3n a las acciones que se llevan a cabo desde el \u00e1mbito local, en materia de gobernanza forestal, comercializaci\u00f3n y explotaci\u00f3n sustentable de recursos madereros.<\/p>\n<p style=\"text-align: justify;\">En su intervenci\u00f3n, Roberto Troya, Director del Fondo Mundial para la Naturaleza (WWF, por sus siglas en ingl\u00e9s) aclar\u00f3 que la tala indiscriminada de recursos forestales representa entre el 50% y 90% del volumen total del patrimonio de los principales pa\u00edses tropicales productores, motivo por el cual es necesario fomentar el trabajo conjunto con los actores involucrados y perjudicados con esta pr\u00e1ctica que no solo desarrolla la econom\u00eda local, por medio de la ejecuci\u00f3n de una pol\u00edtica de gobernanza y un proceso de trazabilidad que garantice la comercializaci\u00f3n de productos forestales legales.<\/p>\n<p style=\"text-align: justify;\">Durante los pr\u00f3ximos tres d\u00edas se expondr\u00e1 sobre procesos de fortalecimiento de gobernanza para la legalidad forestal, sistemas de verificaci\u00f3n para el control y trazabilidad forestal (monitoreo, veedur\u00eda, auditor\u00eda), regulaciones al comercio internacional y perspectivas de los pa\u00edses que demandan madera legal y comercio legal desde la perspectiva de los pa\u00edses productores.<\/p>\n<p style=\"text-align: justify;\"><strong>El Dato<\/strong><\/p>\n<p style=\"text-align: justify;\">Es importante destacar que una de las metas en el Ecuador es la restauraci\u00f3n forestal de 500 mil hect\u00e1reas de bosques nativos hasta el 2017 que busca la conservaci\u00f3n y recuperaci\u00f3n de los servicios ecosist\u00e9micos y el manejo sostenible de los recursos forestales.<\/p>\n<p style=\"text-align: justify;\">\u00a0Por medio del Plan Nacional de Restauraci\u00f3n Forestal, que es la base de una pol\u00edtica de gobernanza del patrimonio natural, en el 2014 lograremos la meta de 100 mil hect\u00e1reas, un trabajo conjunto a nivel p\u00fablico y privado.<\/p>\n<p style=\"text-align: justify;\">El desarrollo del Programa Socio Bosque busca fomentar la conservaci\u00f3n de los bosques nativos del Ecuador, que hasta el momento lleva m\u00e1s de un mill\u00f3n de hect\u00e1reas conservadas, entregando incentivos a aquellos propietarios de tierras particulares y colectivas que voluntariamente se comprometen por un lapso de 20 a\u00f1os a conservar los bosques en sus territorios.<\/p>\n","protected":false},"excerpt":{"rendered":"<p class=\"excerpt\">Hoy, se inauguro el Foro de Gobernanza, Sistemas de Verificaci\u00f3n de la legalidad y competitividad del Sector Forestal en Am\u00e9rica Latina, con la participaci\u00f3n de 150 representantes del sector p\u00fablico, privado, sociedad civil, organizaciones no gubernamentales y comunidades ind\u00edgenas de 14 pa\u00edses de la regi\u00f3n y del mundo. Con el apoyo del Ministerio del Ambiente de Ecuador (MAE), este encuentro&hellip; <a href=\"https:\/\/www.ambienteyenergia.gob.ec\/ambiente\/mae-participa-en-el-foro-internacional-de-gobernanza-forestal-que-se-desarrolla-en-quito\/\">Read more &rarr;<\/a><\/p>\n","protected":false},"author":13,"featured_media":22677,"comment_status":"open","ping_status":"open","sticky":false,"template":"","format":"standard","meta":{"footnotes":""},"categories":[16,4],"tags":[548,387],"class_list":["post-22676","post","type-post","status-publish","format-standard","has-post-thumbnail","hentry","category-comunicamos","category-noticias","tag-contol-forestal-ecuador","tag-mae-lorena-tapia","xfolkentry"],"_links":{"self":[{"href":"https:\/\/www.ambienteyenergia.gob.ec\/ambiente\/wp-json\/wp\/v2\/posts\/22676","targetHints":{"allow":["GET"]}}],"collection":[{"href":"https:\/\/www.ambienteyenergia.gob.ec\/ambiente\/wp-json\/wp\/v2\/posts"}],"about":[{"href":"https:\/\/www.ambienteyenergia.gob.ec\/ambiente\/wp-json\/wp\/v2\/types\/post"}],"author":[{"embeddable":true,"href":"https:\/\/www.ambienteyenergia.gob.ec\/ambiente\/wp-json\/wp\/v2\/users\/13"}],"replies":[{"embeddable":true,"href":"https:\/\/www.ambienteyenergia.gob.ec\/ambiente\/wp-json\/wp\/v2\/comments?post=22676"}],"version-history":[{"count":0,"href":"https:\/\/www.ambienteyenergia.gob.ec\/ambiente\/wp-json\/wp\/v2\/posts\/22676\/revisions"}],"wp:featuredmedia":[{"embeddable":true,"href":"https:\/\/www.ambienteyenergia.gob.ec\/ambiente\/wp-json\/wp\/v2\/media\/22677"}],"wp:attachment":[{"href":"https:\/\/www.ambienteyenergia.gob.ec\/ambiente\/wp-json\/wp\/v2\/media?parent=22676"}],"wp:term":[{"taxonomy":"category","embeddable":true,"href":"https:\/\/www.ambienteyenergia.gob.ec\/ambiente\/wp-json\/wp\/v2\/categories?post=22676"},{"taxonomy":"post_tag","embeddable":true,"href":"https:\/\/www.ambienteyenergia.gob.ec\/ambiente\/wp-json\/wp\/v2\/tags?post=22676"}],"curies":[{"name":"wp","href":"https:\/\/api.w.org\/{rel}","templated":true}]}}