{"id":22673,"date":"2014-09-30T16:20:30","date_gmt":"2014-09-30T21:20:30","guid":{"rendered":"http:\/\/www.ambiente.gob.ec\/?p=22673"},"modified":"2014-09-30T16:47:54","modified_gmt":"2014-09-30T21:47:54","slug":"mae-movilizo-mas-de-14-mil-neumaticos-en-el-mes-de-septiembre","status":"publish","type":"post","link":"https:\/\/www.ambienteyenergia.gob.ec\/ambiente\/mae-movilizo-mas-de-14-mil-neumaticos-en-el-mes-de-septiembre\/","title":{"rendered":"MAE moviliz\u00f3 m\u00e1s de 14 mil neum\u00e1ticos en el mes de septiembre"},"content":{"rendered":"<p style=\"text-align: justify;\">El Ministerio del Ambiente (MAE), a trav\u00e9s del Programa Nacional para la Gesti\u00f3n Integral de Desechos S\u00f3lidos (PNGIDS), ha movilizado 14.150 neum\u00e1ticos fuera de uso (NFU) durante el mes de septiembre, de 11 cantones, pertenecientes a 6 provincias del pa\u00eds, y de dos islas del\u00a0 Archipi\u00e9lago de Gal\u00e1pagos. Los neum\u00e1ticos retirados de los puntos de disposici\u00f3n final entrar\u00e1n a procesos de reencauche y reciclaje, lo que garantizar\u00e1 su adecuado manejo y tratamiento .<\/p>\n<p style=\"text-align: justify;\">Este trabajo responde a la gesti\u00f3n del Plan Nacional de Movilizaci\u00f3n de Neum\u00e1ticos llevado a cabo por el PNGIDS en coordinaci\u00f3n con los Gobiernos Aut\u00f3nomos Descentralizados (GAD) Municipales, la Armada Nacional y el Ministerio de Salud P\u00fablica, principalmente.<\/p>\n<p style=\"text-align: justify;\">Los cantones desde donde se han movilizado los NFU son La libertad, Quito, Azogues, Francisco de Orellana, Ambato, Quevedo, Babahoyo, Buena Fe, Valencia, Ventanas y Portoviejo, y las islas Santa Cruz e Isabela, de Gal\u00e1pagos.<\/p>\n<p style=\"text-align: justify;\">Para el mes octubre, el MAE y el PNGIDS se han propuesto el retiro de m\u00e1s de 20 mil NFU en 12 cantones del Ecuador, pertenecientes a las provincias de Chimborazo, Carchi, Pastaza, Napo, Azuay, Esmeraldas, Orellana y Ca\u00f1ar, y de la isla San Crist\u00f3bal, de Gal\u00e1pagos.<\/p>\n<p style=\"text-align: justify;\">En tres meses el el MAE ha movilizado un total de 51.811 neum\u00e1ticos usados. Hasta el mes de octubre se habr\u00e1n retirado m\u00e1s de\u00a0 70 mil NFU de puntos de disposici\u00f3n final, minimizando as\u00ed el impacto ambiental y social causado por su \u00a0mal manejo, fortaleciendo adem\u00e1s al cambio de matriz productiva, mediante la inserci\u00f3n\u00a0 de los NFU a procesos de reencauche y reciclaje.<\/p>\n<p style=\"text-align: justify;\">De esta manera, el MAE cumple con su compromiso de fomentar el h\u00e1bitat en un ambiente sano y libre de contaminaci\u00f3n en el Ecuador, pues los NFU est\u00e1n relacionados, entre otros, con la generaci\u00f3n de enfermedades como el dengue, afectando a la salud p\u00fablica.<\/p>\n","protected":false},"excerpt":{"rendered":"<p class=\"excerpt\">El Ministerio del Ambiente (MAE), a trav\u00e9s del Programa Nacional para la Gesti\u00f3n Integral de Desechos S\u00f3lidos (PNGIDS), ha movilizado 14.150 neum\u00e1ticos fuera de uso (NFU) durante el mes de septiembre, de 11 cantones, pertenecientes a 6 provincias del pa\u00eds, y de dos islas del\u00a0 Archipi\u00e9lago de Gal\u00e1pagos. Los neum\u00e1ticos retirados de los puntos de disposici\u00f3n final entrar\u00e1n a procesos&hellip; <a href=\"https:\/\/www.ambienteyenergia.gob.ec\/ambiente\/mae-movilizo-mas-de-14-mil-neumaticos-en-el-mes-de-septiembre\/\">Read more &rarr;<\/a><\/p>\n","protected":false},"author":13,"featured_media":22674,"comment_status":"open","ping_status":"open","sticky":false,"template":"","format":"standard","meta":{"footnotes":""},"categories":[16,4],"tags":[387,549],"class_list":["post-22673","post","type-post","status-publish","format-standard","has-post-thumbnail","hentry","category-comunicamos","category-noticias","tag-mae-lorena-tapia","tag-neumaticos","xfolkentry"],"_links":{"self":[{"href":"https:\/\/www.ambienteyenergia.gob.ec\/ambiente\/wp-json\/wp\/v2\/posts\/22673","targetHints":{"allow":["GET"]}}],"collection":[{"href":"https:\/\/www.ambienteyenergia.gob.ec\/ambiente\/wp-json\/wp\/v2\/posts"}],"about":[{"href":"https:\/\/www.ambienteyenergia.gob.ec\/ambiente\/wp-json\/wp\/v2\/types\/post"}],"author":[{"embeddable":true,"href":"https:\/\/www.ambienteyenergia.gob.ec\/ambiente\/wp-json\/wp\/v2\/users\/13"}],"replies":[{"embeddable":true,"href":"https:\/\/www.ambienteyenergia.gob.ec\/ambiente\/wp-json\/wp\/v2\/comments?post=22673"}],"version-history":[{"count":0,"href":"https:\/\/www.ambienteyenergia.gob.ec\/ambiente\/wp-json\/wp\/v2\/posts\/22673\/revisions"}],"wp:featuredmedia":[{"embeddable":true,"href":"https:\/\/www.ambienteyenergia.gob.ec\/ambiente\/wp-json\/wp\/v2\/media\/22674"}],"wp:attachment":[{"href":"https:\/\/www.ambienteyenergia.gob.ec\/ambiente\/wp-json\/wp\/v2\/media?parent=22673"}],"wp:term":[{"taxonomy":"category","embeddable":true,"href":"https:\/\/www.ambienteyenergia.gob.ec\/ambiente\/wp-json\/wp\/v2\/categories?post=22673"},{"taxonomy":"post_tag","embeddable":true,"href":"https:\/\/www.ambienteyenergia.gob.ec\/ambiente\/wp-json\/wp\/v2\/tags?post=22673"}],"curies":[{"name":"wp","href":"https:\/\/api.w.org\/{rel}","templated":true}]}}