{"id":22666,"date":"2014-09-30T15:17:32","date_gmt":"2014-09-30T20:17:32","guid":{"rendered":"http:\/\/www.ambiente.gob.ec\/?p=22666"},"modified":"2014-09-30T15:18:11","modified_gmt":"2014-09-30T20:18:11","slug":"ecuador-abre-el-dialogo-hacia-la-creacion-de-protocolos-para-el-acceso-de-recursos-geneticos-y-bioculturales","status":"publish","type":"post","link":"https:\/\/www.ambienteyenergia.gob.ec\/ambiente\/ecuador-abre-el-dialogo-hacia-la-creacion-de-protocolos-para-el-acceso-de-recursos-geneticos-y-bioculturales\/","title":{"rendered":"Ecuador abre el di\u00e1logo hacia la creaci\u00f3n de protocolos para el acceso de recursos gen\u00e9ticos y bioculturales"},"content":{"rendered":"<p style=\"text-align: justify;\">Desde este martes 30 de septiembre, en Quito, se desarrolla el \u201cTaller Nacional de Acceso a Recursos Gen\u00e9ticos y Protocolos Bioculturales\u201d organizado por el Ministerio del Ambiente (MAE) con el apoyo de la Cooperaci\u00f3n T\u00e9cnica Alemana (GIZ), a trav\u00e9s del Programa ProCamB\u00edo, y el Instituto Ecuatoriano de la Propiedad Intelectual (IEPI). Este encuentro busca generar un espacio de discusi\u00f3n y di\u00e1logo para configurar el mejor camino para la creaci\u00f3n de protocolos biocomunitarios en el pa\u00eds.<\/p>\n<p style=\"text-align: justify;\">Los protocolos bioculturales o comunitarios son instrumentos que plasman los intereses, expectativas y deseos de los pueblos y comunidades en relaci\u00f3n a la gesti\u00f3n de sus territorios, tierras y recursos naturales.<\/p>\n<p style=\"text-align: justify;\">Wilson Rojas, Director Nacional de Biodiversidad del MAE, manifest\u00f3 la importancia que tiene la realizaci\u00f3n de este primer taller que \u201cpermite interactuar con los distintos actores sobre un tema trascendental para el Ecuador, que tiene que ver el acceso a los recursos gen\u00e9ticos\u00a0 y la participaci\u00f3n justa y equitativa de los beneficios que se deriven de su utilizaci\u00f3n\u201d.<\/p>\n<p style=\"text-align: justify;\">Los protocolos bioculturales tienen como principal objetivo definir sobre c\u00f3mo y bajo qu\u00e9 condiciones se acceden y usan los recursos naturales (incluyendo la biodiversidad y sus componentes) y conocimientos tradicionales que se encuentran en los territorios.<\/p>\n<p style=\"text-align: justify;\">El taller cuenta con la participaci\u00f3n de m\u00e1s de 100 representantes de entidades p\u00fablicas, cooperaci\u00f3n internacional, organizaciones no gubernamentales, institutos de educaci\u00f3n superior y de investigaci\u00f3n. As\u00ed mismo, durante los dos d\u00edas del encuentro se contar\u00e1 con la intervenci\u00f3n de expositores nacionales e internacionales delegados del \u00a0MAE, GIZ- ProCamb\u00edo, UDLA, IKIAM, CORPEI, Pueblo Kuna de Panam\u00e1, Procuradur\u00eda de Derechos Humanos de Guatemala, Red Etnoecolog\u00eda y Patrimonio Biocultural CONACYT de M\u00e9xico, y la Union for Ethical BioTrade (UEBT).<\/p>\n","protected":false},"excerpt":{"rendered":"<p class=\"excerpt\">Desde este martes 30 de septiembre, en Quito, se desarrolla el \u201cTaller Nacional de Acceso a Recursos Gen\u00e9ticos y Protocolos Bioculturales\u201d organizado por el Ministerio del Ambiente (MAE) con el apoyo de la Cooperaci\u00f3n T\u00e9cnica Alemana (GIZ), a trav\u00e9s del Programa ProCamB\u00edo, y el Instituto Ecuatoriano de la Propiedad Intelectual (IEPI). Este encuentro busca generar un espacio de discusi\u00f3n y&hellip; <a href=\"https:\/\/www.ambienteyenergia.gob.ec\/ambiente\/ecuador-abre-el-dialogo-hacia-la-creacion-de-protocolos-para-el-acceso-de-recursos-geneticos-y-bioculturales\/\">Read more &rarr;<\/a><\/p>\n","protected":false},"author":13,"featured_media":22667,"comment_status":"open","ping_status":"open","sticky":false,"template":"","format":"standard","meta":{"footnotes":""},"categories":[16,4],"tags":[387],"class_list":["post-22666","post","type-post","status-publish","format-standard","has-post-thumbnail","hentry","category-comunicamos","category-noticias","tag-mae-lorena-tapia","xfolkentry"],"_links":{"self":[{"href":"https:\/\/www.ambienteyenergia.gob.ec\/ambiente\/wp-json\/wp\/v2\/posts\/22666","targetHints":{"allow":["GET"]}}],"collection":[{"href":"https:\/\/www.ambienteyenergia.gob.ec\/ambiente\/wp-json\/wp\/v2\/posts"}],"about":[{"href":"https:\/\/www.ambienteyenergia.gob.ec\/ambiente\/wp-json\/wp\/v2\/types\/post"}],"author":[{"embeddable":true,"href":"https:\/\/www.ambienteyenergia.gob.ec\/ambiente\/wp-json\/wp\/v2\/users\/13"}],"replies":[{"embeddable":true,"href":"https:\/\/www.ambienteyenergia.gob.ec\/ambiente\/wp-json\/wp\/v2\/comments?post=22666"}],"version-history":[{"count":0,"href":"https:\/\/www.ambienteyenergia.gob.ec\/ambiente\/wp-json\/wp\/v2\/posts\/22666\/revisions"}],"wp:featuredmedia":[{"embeddable":true,"href":"https:\/\/www.ambienteyenergia.gob.ec\/ambiente\/wp-json\/wp\/v2\/media\/22667"}],"wp:attachment":[{"href":"https:\/\/www.ambienteyenergia.gob.ec\/ambiente\/wp-json\/wp\/v2\/media?parent=22666"}],"wp:term":[{"taxonomy":"category","embeddable":true,"href":"https:\/\/www.ambienteyenergia.gob.ec\/ambiente\/wp-json\/wp\/v2\/categories?post=22666"},{"taxonomy":"post_tag","embeddable":true,"href":"https:\/\/www.ambienteyenergia.gob.ec\/ambiente\/wp-json\/wp\/v2\/tags?post=22666"}],"curies":[{"name":"wp","href":"https:\/\/api.w.org\/{rel}","templated":true}]}}