{"id":22658,"date":"2014-09-30T12:10:16","date_gmt":"2014-09-30T17:10:16","guid":{"rendered":"http:\/\/www.ambiente.gob.ec\/?p=22658"},"modified":"2014-09-30T12:10:16","modified_gmt":"2014-09-30T17:10:16","slug":"mae-participo-en-la-primera-reunion-tecnica-sobre-la-generacion-y-analisis-de-informacion-para-la-mejora-en-la-gestion-de-areas-protegidas-de-latinoamerica","status":"publish","type":"post","link":"https:\/\/www.ambienteyenergia.gob.ec\/ambiente\/mae-participo-en-la-primera-reunion-tecnica-sobre-la-generacion-y-analisis-de-informacion-para-la-mejora-en-la-gestion-de-areas-protegidas-de-latinoamerica\/","title":{"rendered":"MAE particip\u00f3 en la \u201cPrimera Reuni\u00f3n T\u00e9cnica sobre la Generaci\u00f3n y An\u00e1lisis de Informaci\u00f3n para la Mejora en la Gesti\u00f3n de \u00c1reas Protegidas de Latinoam\u00e9rica\u201d"},"content":{"rendered":"<p style=\"text-align: justify;\">Del 22 al 26 de septiembre, en Bogot\u00e1 (Colombia), t\u00e9cnicos y especialistas de la Direcci\u00f3n de Biodiversidad del Ministerio del Ambiente del Ecuador (MAE) participaron en la \u201cPrimera Reuni\u00f3n T\u00e9cnica sobre la Generaci\u00f3n y An\u00e1lisis de Informaci\u00f3n para la Mejora en la Gesti\u00f3n de \u00c1reas Protegidas de Latinoam\u00e9rica\u201d.<\/p>\n<p style=\"text-align: justify;\">El objetivo principal de este evento, promovido por la Red Latinoamericana de Cooperaci\u00f3n T\u00e9cnica en Parques Nacionales, otras \u00c1reas Protegidas, Flora y Fauna Silvestres (REDPARQUES), bajo la Coordinaci\u00f3n Regional del Servicio Nacional de \u00c1reas Naturales Protegidas del Estado (SERNANP) del Per\u00fa; fue compartir experiencias de pa\u00edses como Belice, Bolivia, Colombia, Ecuador, Estados Unidos, Guatemala y Per\u00fa en relaci\u00f3n a la tem\u00e1tica mencionada.<\/p>\n<p style=\"text-align: justify;\">Durante la jornada, se identificaron l\u00edneas de trabajo comunes y acciones priorizadas como continuar con la implementaci\u00f3n y uso de una herramienta de monitoreo y reporte espacial (SMART), fortalecer mecanismos de gobernanza y de aplicaci\u00f3n de la ley para la gobernabilidad, entre los m\u00e1s destacados.<\/p>\n<p style=\"text-align: justify;\">Adem\u00e1s, se acord\u00f3 coordinar para establecer una plataforma de colaboraci\u00f3n entre pa\u00edses y se contribuya a la elaboraci\u00f3n del plan de trabajo de la REDPARQUES, como parte de su relanzamiento, en el marco del Congreso Mundial de Parques Nacionales que se realizar\u00e1 en noviembre en Sidney, Australia.<\/p>\n<p style=\"text-align: justify;\">El apoyo t\u00e9cnico y financiero para esta reuni\u00f3n fue otorgado por Wildlife Conservation Society (WCS), en el marco del proyecto ICAA\/USAID \u201cBiodiversidad, formas de vida y gobernanza en los paisajes de Loreto y Manu Tambopata\u201d; y por la Fundaci\u00f3n Gordon y Betty Moore.<\/p>\n<p style=\"text-align: justify;\">Asimismo, tuvo la colaboraci\u00f3n del Servicio de Parques Nacionales Naturales de Colombia, del Departamento del Interior de los Estados Unidos, de la Fundaci\u00f3n Mario Santo Domingo de Colombia y de la Oficina de la FAO para Am\u00e9rica Latina y el Caribe que mantiene la Secretaria T\u00e9cnica de la REDPARQUES.<\/p>\n","protected":false},"excerpt":{"rendered":"<p class=\"excerpt\">Del 22 al 26 de septiembre, en Bogot\u00e1 (Colombia), t\u00e9cnicos y especialistas de la Direcci\u00f3n de Biodiversidad del Ministerio del Ambiente del Ecuador (MAE) participaron en la \u201cPrimera Reuni\u00f3n T\u00e9cnica sobre la Generaci\u00f3n y An\u00e1lisis de Informaci\u00f3n para la Mejora en la Gesti\u00f3n de \u00c1reas Protegidas de Latinoam\u00e9rica\u201d. El objetivo principal de este evento, promovido por la Red Latinoamericana de&hellip; <a href=\"https:\/\/www.ambienteyenergia.gob.ec\/ambiente\/mae-participo-en-la-primera-reunion-tecnica-sobre-la-generacion-y-analisis-de-informacion-para-la-mejora-en-la-gestion-de-areas-protegidas-de-latinoamerica\/\">Read more &rarr;<\/a><\/p>\n","protected":false},"author":13,"featured_media":22659,"comment_status":"open","ping_status":"open","sticky":false,"template":"","format":"standard","meta":{"footnotes":""},"categories":[16,4],"tags":[],"class_list":["post-22658","post","type-post","status-publish","format-standard","has-post-thumbnail","hentry","category-comunicamos","category-noticias","xfolkentry"],"_links":{"self":[{"href":"https:\/\/www.ambienteyenergia.gob.ec\/ambiente\/wp-json\/wp\/v2\/posts\/22658","targetHints":{"allow":["GET"]}}],"collection":[{"href":"https:\/\/www.ambienteyenergia.gob.ec\/ambiente\/wp-json\/wp\/v2\/posts"}],"about":[{"href":"https:\/\/www.ambienteyenergia.gob.ec\/ambiente\/wp-json\/wp\/v2\/types\/post"}],"author":[{"embeddable":true,"href":"https:\/\/www.ambienteyenergia.gob.ec\/ambiente\/wp-json\/wp\/v2\/users\/13"}],"replies":[{"embeddable":true,"href":"https:\/\/www.ambienteyenergia.gob.ec\/ambiente\/wp-json\/wp\/v2\/comments?post=22658"}],"version-history":[{"count":0,"href":"https:\/\/www.ambienteyenergia.gob.ec\/ambiente\/wp-json\/wp\/v2\/posts\/22658\/revisions"}],"wp:featuredmedia":[{"embeddable":true,"href":"https:\/\/www.ambienteyenergia.gob.ec\/ambiente\/wp-json\/wp\/v2\/media\/22659"}],"wp:attachment":[{"href":"https:\/\/www.ambienteyenergia.gob.ec\/ambiente\/wp-json\/wp\/v2\/media?parent=22658"}],"wp:term":[{"taxonomy":"category","embeddable":true,"href":"https:\/\/www.ambienteyenergia.gob.ec\/ambiente\/wp-json\/wp\/v2\/categories?post=22658"},{"taxonomy":"post_tag","embeddable":true,"href":"https:\/\/www.ambienteyenergia.gob.ec\/ambiente\/wp-json\/wp\/v2\/tags?post=22658"}],"curies":[{"name":"wp","href":"https:\/\/api.w.org\/{rel}","templated":true}]}}