{"id":22655,"date":"2014-09-29T16:52:22","date_gmt":"2014-09-29T21:52:22","guid":{"rendered":"http:\/\/www.ambiente.gob.ec\/?p=22655"},"modified":"2014-09-29T16:52:22","modified_gmt":"2014-09-29T21:52:22","slug":"mae-rescata-y-libera-dos-perezosos-en-sucumbios","status":"publish","type":"post","link":"https:\/\/www.ambienteyenergia.gob.ec\/ambiente\/mae-rescata-y-libera-dos-perezosos-en-sucumbios\/","title":{"rendered":"MAE rescata y libera dos perezosos en Sucumb\u00edos"},"content":{"rendered":"<p style=\"text-align: justify;\">El Ministerio del Ambiente de Ecuador, a trav\u00e9s de la Direcci\u00f3n Provincial del Ambiente de Sucumb\u00edos recibi\u00f3 en sus oficinas a dos espec\u00edmenes de osos perezosos que fueron entregados de manera voluntaria por la ciudadan\u00eda, en el marco del cumplimiento de la normativa ambiental vigente.<\/p>\n<p>El primero de los osos corresponde a la especie\u00a0 Choloepus Hoffmanni, o mejor conocido como perezoso de dos u\u00f1as, mismo que se encontraba en el patio de una vivienda ubicada en la parroquia Eno del cant\u00f3n Lago Agrio.<\/p>\n<p>Por otro lado, el segundo esp\u00e9cimen de perezoso de tres u\u00f1as (bradypus variegatus), fue rescatado en el patio de una escuela ubicada en la v\u00eda Limoncocha \u2013 Shushufindi, mismo que fue trasladado a un \u00e1rea protegida.<\/p>\n<p>Luego de permanecer por dos d\u00edas en la Reserva Biol\u00f3gica Limoncocha se determin\u00f3 que los dos perezosos se encontraban en buen estado de salud, y no presentaba ning\u00fan signo de maltrato o dificultad para movilizarse, motivo por el cual este esp\u00e9cimen adulto de sexo masculino\u00a0 fue liberado en el Sendero del Caim\u00e1n, lugar que presta las condiciones necesarias para el desarrollo \u00f3ptimo de estos animales.<\/p>\n","protected":false},"excerpt":{"rendered":"<p class=\"excerpt\">El Ministerio del Ambiente de Ecuador, a trav\u00e9s de la Direcci\u00f3n Provincial del Ambiente de Sucumb\u00edos recibi\u00f3 en sus oficinas a dos espec\u00edmenes de osos perezosos que fueron entregados de manera voluntaria por la ciudadan\u00eda, en el marco del cumplimiento de la normativa ambiental vigente. El primero de los osos corresponde a la especie\u00a0 Choloepus Hoffmanni, o mejor conocido como&hellip; <a href=\"https:\/\/www.ambienteyenergia.gob.ec\/ambiente\/mae-rescata-y-libera-dos-perezosos-en-sucumbios\/\">Read more &rarr;<\/a><\/p>\n","protected":false},"author":13,"featured_media":22656,"comment_status":"open","ping_status":"open","sticky":false,"template":"","format":"standard","meta":{"footnotes":""},"categories":[16,4],"tags":[],"class_list":["post-22655","post","type-post","status-publish","format-standard","has-post-thumbnail","hentry","category-comunicamos","category-noticias","xfolkentry"],"_links":{"self":[{"href":"https:\/\/www.ambienteyenergia.gob.ec\/ambiente\/wp-json\/wp\/v2\/posts\/22655","targetHints":{"allow":["GET"]}}],"collection":[{"href":"https:\/\/www.ambienteyenergia.gob.ec\/ambiente\/wp-json\/wp\/v2\/posts"}],"about":[{"href":"https:\/\/www.ambienteyenergia.gob.ec\/ambiente\/wp-json\/wp\/v2\/types\/post"}],"author":[{"embeddable":true,"href":"https:\/\/www.ambienteyenergia.gob.ec\/ambiente\/wp-json\/wp\/v2\/users\/13"}],"replies":[{"embeddable":true,"href":"https:\/\/www.ambienteyenergia.gob.ec\/ambiente\/wp-json\/wp\/v2\/comments?post=22655"}],"version-history":[{"count":0,"href":"https:\/\/www.ambienteyenergia.gob.ec\/ambiente\/wp-json\/wp\/v2\/posts\/22655\/revisions"}],"wp:featuredmedia":[{"embeddable":true,"href":"https:\/\/www.ambienteyenergia.gob.ec\/ambiente\/wp-json\/wp\/v2\/media\/22656"}],"wp:attachment":[{"href":"https:\/\/www.ambienteyenergia.gob.ec\/ambiente\/wp-json\/wp\/v2\/media?parent=22655"}],"wp:term":[{"taxonomy":"category","embeddable":true,"href":"https:\/\/www.ambienteyenergia.gob.ec\/ambiente\/wp-json\/wp\/v2\/categories?post=22655"},{"taxonomy":"post_tag","embeddable":true,"href":"https:\/\/www.ambienteyenergia.gob.ec\/ambiente\/wp-json\/wp\/v2\/tags?post=22655"}],"curies":[{"name":"wp","href":"https:\/\/api.w.org\/{rel}","templated":true}]}}