{"id":22650,"date":"2014-09-29T16:25:32","date_gmt":"2014-09-29T21:25:32","guid":{"rendered":"http:\/\/www.ambiente.gob.ec\/?p=22650"},"modified":"2014-09-29T16:25:32","modified_gmt":"2014-09-29T21:25:32","slug":"mae-participa-en-el-lanzamiento-de-la-cartilla-educativa-yamachirita","status":"publish","type":"post","link":"https:\/\/www.ambienteyenergia.gob.ec\/ambiente\/mae-participa-en-el-lanzamiento-de-la-cartilla-educativa-yamachirita\/","title":{"rendered":"MAE participa en el lanzamiento de la cartilla educativa Yamachirita"},"content":{"rendered":"<p style=\"text-align: justify;\">El Ministerio del Ambiente, a trav\u00e9s de la Direcci\u00f3n Provincial del Ambiente de Azuay, particip\u00f3 en el lanzamiento de la Cartilla Educativa, a cargo del Gobierno Aut\u00f3nomo Descentralizado Municipal Gir\u00f3n, en el marco del Programa de Educaci\u00f3n Ambiental que desarrolla esta dependencia.<\/p>\n<p style=\"text-align: justify;\">En el evento participaron el Ministerio del Educaci\u00f3n, Instituto Nacional de Investigaciones Agropecuarias (INIAP), Consorcio P\u00fablico del r\u00edo Jubones, quienes socializaron informaci\u00f3n a cerca de ambiente, naturaleza y vida a los estudiantes de 6\u00b0 y 7\u00b0 de b\u00e1sica de cuatro establecimientos educativos del cant\u00f3n.<\/p>\n<p style=\"text-align: justify;\">Este evento se llevo a cabo el pasado 26 viernes en el sal\u00f3n del pueblo Jaime Vallejo Erraez, detr\u00e1s del Palacio Municipal de Gir\u00f3n.<\/p>\n","protected":false},"excerpt":{"rendered":"<p class=\"excerpt\">El Ministerio del Ambiente, a trav\u00e9s de la Direcci\u00f3n Provincial del Ambiente de Azuay, particip\u00f3 en el lanzamiento de la Cartilla Educativa, a cargo del Gobierno Aut\u00f3nomo Descentralizado Municipal Gir\u00f3n, en el marco del Programa de Educaci\u00f3n Ambiental que desarrolla esta dependencia. En el evento participaron el Ministerio del Educaci\u00f3n, Instituto Nacional de Investigaciones Agropecuarias (INIAP), Consorcio P\u00fablico del r\u00edo&hellip; <a href=\"https:\/\/www.ambienteyenergia.gob.ec\/ambiente\/mae-participa-en-el-lanzamiento-de-la-cartilla-educativa-yamachirita\/\">Read more &rarr;<\/a><\/p>\n","protected":false},"author":13,"featured_media":22352,"comment_status":"open","ping_status":"open","sticky":false,"template":"","format":"standard","meta":{"footnotes":""},"categories":[16,4],"tags":[387],"class_list":["post-22650","post","type-post","status-publish","format-standard","has-post-thumbnail","hentry","category-comunicamos","category-noticias","tag-mae-lorena-tapia","xfolkentry"],"_links":{"self":[{"href":"https:\/\/www.ambienteyenergia.gob.ec\/ambiente\/wp-json\/wp\/v2\/posts\/22650","targetHints":{"allow":["GET"]}}],"collection":[{"href":"https:\/\/www.ambienteyenergia.gob.ec\/ambiente\/wp-json\/wp\/v2\/posts"}],"about":[{"href":"https:\/\/www.ambienteyenergia.gob.ec\/ambiente\/wp-json\/wp\/v2\/types\/post"}],"author":[{"embeddable":true,"href":"https:\/\/www.ambienteyenergia.gob.ec\/ambiente\/wp-json\/wp\/v2\/users\/13"}],"replies":[{"embeddable":true,"href":"https:\/\/www.ambienteyenergia.gob.ec\/ambiente\/wp-json\/wp\/v2\/comments?post=22650"}],"version-history":[{"count":0,"href":"https:\/\/www.ambienteyenergia.gob.ec\/ambiente\/wp-json\/wp\/v2\/posts\/22650\/revisions"}],"wp:featuredmedia":[{"embeddable":true,"href":"https:\/\/www.ambienteyenergia.gob.ec\/ambiente\/wp-json\/wp\/v2\/media\/22352"}],"wp:attachment":[{"href":"https:\/\/www.ambienteyenergia.gob.ec\/ambiente\/wp-json\/wp\/v2\/media?parent=22650"}],"wp:term":[{"taxonomy":"category","embeddable":true,"href":"https:\/\/www.ambienteyenergia.gob.ec\/ambiente\/wp-json\/wp\/v2\/categories?post=22650"},{"taxonomy":"post_tag","embeddable":true,"href":"https:\/\/www.ambienteyenergia.gob.ec\/ambiente\/wp-json\/wp\/v2\/tags?post=22650"}],"curies":[{"name":"wp","href":"https:\/\/api.w.org\/{rel}","templated":true}]}}