{"id":22644,"date":"2014-09-25T16:02:20","date_gmt":"2014-09-25T21:02:20","guid":{"rendered":"http:\/\/www.ambiente.gob.ec\/?p=22644"},"modified":"2014-09-29T16:23:12","modified_gmt":"2014-09-29T21:23:12","slug":"mae-trabaja-en-conjunto-con-bomberos-para-controlar-incendios-en-bosque-protector-cerro-colorado-y-papagayo-de-guayaquil","status":"publish","type":"post","link":"https:\/\/www.ambienteyenergia.gob.ec\/ambiente\/mae-trabaja-en-conjunto-con-bomberos-para-controlar-incendios-en-bosque-protector-cerro-colorado-y-papagayo-de-guayaquil\/","title":{"rendered":"MAE trabaja en conjunto con bomberos para controlar incendios en Bosque Protector Cerro Colorado y Papagayo de Guayaquil"},"content":{"rendered":"<p style=\"text-align: justify;\">El Bosque Protector Cerro Colorado (BPCC) y Bosque Protector Cerro Papagayo (BPCP) fueron afectados el martes pasado por incendios forestales que afectaron\u00a035 hect\u00e1reas (ha) y 200 ha, respectivamente, acabando con gran parte de la flora de bosque seco y la fauna que ah\u00ed habita.<\/p>\n<p style=\"text-align: justify;\">En acciones conjuntas de los guardaparques de la Reserva de Producci\u00f3n de Fauna Manglares El Salado y del \u00c1rea Nacional de Recreaci\u00f3n Samanes, junto a miembros del Benem\u00e9rito Cuerpo de Bomberos de Guayaquil (BCBG) sofocaron las llamas que arrasaron con la vegetaci\u00f3n del Bosque Protector Cerro Colorado, usando equipos como mochila de agua, bate fuego, machete, pico y pala.<\/p>\n<p style=\"text-align: justify;\">Sebasti\u00e1n Alvarado, jefe de la Reserva, explic\u00f3 que los ocho guardaparques bajo su mando est\u00e1n capacitados como bomberos forestales voluntarios, lo que facilita su intervenci\u00f3n en abrir trochas para combatir el fuego.<\/p>\n<p style=\"text-align: justify;\">Entre las especies de flora afectadas en Cerro Colorado constan: algarrobo, leucaena, amarillo, bototillo, guachapel\u00ed, higuirilla, surungo, nig\u00fcito y guazmo. Mientras que las especies de fauna que fueron afectadas por la p\u00e9rdida de su h\u00e1bitat, son: loras cabeza roja, gavil\u00e1nez, gallinazos, garrapateros, palomas tierreras, horneros, negro fino, cacique, boas, lagartijas, insectos, entre otros.<\/p>\n<p style=\"text-align: justify;\">En el Cerro Papagayo las especies destruidas con el flagelo fueron: algarrobo, leucaena, amarillo, bototillo, guachapel\u00ed, higuirilla, surungo, nig\u00fcito, guazmo, guayac\u00e1n, u\u00f1a de gato, pasto elefante, pigio, entre otros. Y similares especies de fauna que en cerro Colorado.<\/p>\n<p style=\"text-align: justify;\">En ambos casos, posterior a sofocar completamente la emergencia, se efectuar\u00e1 el c\u00e1lculo de afectaci\u00f3n ambiental, por parte del personal del Departamento de Patrimonio Natural de la Direcci\u00f3n Provincial del Ambiente de Guayas, cuyos resultados se obtendr\u00e1n luego de cinco d\u00edas laborables.<\/p>\n<p style=\"text-align: justify;\">La recuperaci\u00f3n de la cobertura vegetal ser\u00eda en un promedio de ocho a 12 meses, siempre y cuando las condiciones clim\u00e1ticas favorezcan; siendo mejor la \u00e9poca invernal o tambi\u00e9n mediante sucesi\u00f3n ecol\u00f3gica.<\/p>\n<p style=\"text-align: justify;\">El a\u00f1o pasado se realiz\u00f3 una reforestaci\u00f3n de especies forestales nativas de bosque seco, en un sector lejano al incendio forestal acaecido el martes; mientras tanto, que otra reforestaci\u00f3n efectuada por los guardaparques del BPCC, s\u00ed fue afectada por el incendio.<\/p>\n<p style=\"text-align: justify;\">Para el correcto resguardo de la naturaleza en estos espacios protegidos se ampliar\u00e1n las medidas de vigilancia conjuntas con la Polic\u00eda Ambiental y reforzando los conocimientos del personal para la reacci\u00f3n ante estas eventualidades y analizando la reforestaci\u00f3n con especies forestales de bosque seco, de acuerdo a las condiciones que ofrece la naturaleza.<\/p>\n<p style=\"text-align: justify;\"><strong>El dato<\/strong><\/p>\n<p style=\"text-align: justify;\">Seg\u00fan los registros del Ministerio del Ambiente (MAE), en el a\u00f1o 2011 se afectaron aproximadamente 75 hect\u00e1reas por incendios forestales y en el 2014, fue de aproximadamente 35 hect\u00e1reas.<\/p>\n","protected":false},"excerpt":{"rendered":"<p class=\"excerpt\">El Bosque Protector Cerro Colorado (BPCC) y Bosque Protector Cerro Papagayo (BPCP) fueron afectados el martes pasado por incendios forestales que afectaron\u00a035 hect\u00e1reas (ha) y 200 ha, respectivamente, acabando con gran parte de la flora de bosque seco y la fauna que ah\u00ed habita. En acciones conjuntas de los guardaparques de la Reserva de Producci\u00f3n de Fauna Manglares El Salado&hellip; <a href=\"https:\/\/www.ambienteyenergia.gob.ec\/ambiente\/mae-trabaja-en-conjunto-con-bomberos-para-controlar-incendios-en-bosque-protector-cerro-colorado-y-papagayo-de-guayaquil\/\">Read more &rarr;<\/a><\/p>\n","protected":false},"author":13,"featured_media":22352,"comment_status":"open","ping_status":"open","sticky":false,"template":"","format":"standard","meta":{"footnotes":""},"categories":[16,4],"tags":[],"class_list":["post-22644","post","type-post","status-publish","format-standard","has-post-thumbnail","hentry","category-comunicamos","category-noticias","xfolkentry"],"_links":{"self":[{"href":"https:\/\/www.ambienteyenergia.gob.ec\/ambiente\/wp-json\/wp\/v2\/posts\/22644","targetHints":{"allow":["GET"]}}],"collection":[{"href":"https:\/\/www.ambienteyenergia.gob.ec\/ambiente\/wp-json\/wp\/v2\/posts"}],"about":[{"href":"https:\/\/www.ambienteyenergia.gob.ec\/ambiente\/wp-json\/wp\/v2\/types\/post"}],"author":[{"embeddable":true,"href":"https:\/\/www.ambienteyenergia.gob.ec\/ambiente\/wp-json\/wp\/v2\/users\/13"}],"replies":[{"embeddable":true,"href":"https:\/\/www.ambienteyenergia.gob.ec\/ambiente\/wp-json\/wp\/v2\/comments?post=22644"}],"version-history":[{"count":0,"href":"https:\/\/www.ambienteyenergia.gob.ec\/ambiente\/wp-json\/wp\/v2\/posts\/22644\/revisions"}],"wp:featuredmedia":[{"embeddable":true,"href":"https:\/\/www.ambienteyenergia.gob.ec\/ambiente\/wp-json\/wp\/v2\/media\/22352"}],"wp:attachment":[{"href":"https:\/\/www.ambienteyenergia.gob.ec\/ambiente\/wp-json\/wp\/v2\/media?parent=22644"}],"wp:term":[{"taxonomy":"category","embeddable":true,"href":"https:\/\/www.ambienteyenergia.gob.ec\/ambiente\/wp-json\/wp\/v2\/categories?post=22644"},{"taxonomy":"post_tag","embeddable":true,"href":"https:\/\/www.ambienteyenergia.gob.ec\/ambiente\/wp-json\/wp\/v2\/tags?post=22644"}],"curies":[{"name":"wp","href":"https:\/\/api.w.org\/{rel}","templated":true}]}}