{"id":22642,"date":"2014-09-22T18:35:01","date_gmt":"2014-09-22T23:35:01","guid":{"rendered":"http:\/\/www.ambiente.gob.ec\/?p=22642"},"modified":"2014-09-26T17:00:29","modified_gmt":"2014-09-26T22:00:29","slug":"mae-realizo-inspeccion-de-un-derrame-menor-en-el-bloque-16","status":"publish","type":"post","link":"https:\/\/www.ambienteyenergia.gob.ec\/ambiente\/mae-realizo-inspeccion-de-un-derrame-menor-en-el-bloque-16\/","title":{"rendered":"MAE realiz\u00f3 inspecci\u00f3n de un derrame menor en el Bloque 16"},"content":{"rendered":"<p style=\"text-align: justify;\">Especialistas de la Direcci\u00f3n Provincial\u00a0 de Orellana, Subsecretar\u00eda de Calidad Ambiental y el Parque Nacional Yasun\u00ed de Ministerio del Ambiente realizaron este mi\u00e9rcoles 24 de septiembre del 2014 una inspecci\u00f3n t\u00e9cnica en el Bloque 16 en respuesta a un derrame notificado por REPSOL. El evento se suscit\u00f3 en el kil\u00f3metro 108 de la l\u00ednea de flujo que traslada agua de formaci\u00f3n de South Park Facilities (SPF) a Well Injection Pad (WIP) en el cant\u00f3n Aguarico de la provincia de Orellana.<\/p>\n<p style=\"text-align: justify;\">El derrame ocurri\u00f3 aproximadamente a las 12:45 del d\u00eda lunes 22 de septiembre del 2014, debido a una corrosi\u00f3n bacteriana interna de la tuber\u00eda, que gener\u00f3 un orificio estimado de 2 mil\u00edmetros de di\u00e1metro. Debido a la presi\u00f3n de la l\u00ednea, se derramaron cerca de 115 barriles de los cuales se recuperaron 112 seg\u00fan informaci\u00f3n oficial de REPSOL.<\/p>\n<p style=\"text-align: justify;\">Como lo exige el MAE, la operadora aplic\u00f3 el Plan de Contingencia una vez identificada la fuga. Las v\u00e1lvulas se cerraron a los 15 minutos del suceso; para contener el fluido de agua de formaci\u00f3n la operadora realiz\u00f3 diques de contenci\u00f3n en la cuneta de la v\u00eda. Un cami\u00f3n VACUM absorbi\u00f3 los remanentes de agua de formaci\u00f3n producto de la fuga. La l\u00ednea de flujo se repar\u00f3 esa misma tarde sell\u00e1ndola con dos camisas de acero en el punto de fuga.<\/p>\n<p style=\"text-align: justify;\">Un estero cercano, que desemboca en el r\u00edo D\u00edcaro, fue afectado por el derrame,. C\u00f3mo la Normativa Ambiental demanda, la operadora tiene que realizar una caracterizaci\u00f3n de la zona. Se tomaron muestras en 2 puntos, a 10 metros del derrame y a 300 metros aguas abajo. En la inspecci\u00f3n realizada por la Autoridad Ambiental se tomaron nuevamente muestras de agua y suelo dentro del \u00e1rea de influencia del evento.<\/p>\n<p style=\"text-align: justify;\">REPSOL report\u00f3 30m2 de \u00e1rea afectada, en la inspecci\u00f3n se observ\u00f3 que la limpieza en el per\u00edmetro se realiz\u00f3 a cabalidad, sin embargo es necesario esperar los resultados de laboratorio que confirmen la calidad del agua y suelo.<\/p>\n<p style=\"text-align: justify;\">Como en incidentes con mayor influencia, el Ministerio del Ambiente da un riguroso seguimiento para que las operadoras cumplan con su Plan de Contingencia y ejecuten acciones correctivas que eviten nuevas afectaciones ambientales.<\/p>\n<p style=\"text-align: justify;\">\n","protected":false},"excerpt":{"rendered":"<p class=\"excerpt\">Especialistas de la Direcci\u00f3n Provincial\u00a0 de Orellana, Subsecretar\u00eda de Calidad Ambiental y el Parque Nacional Yasun\u00ed de Ministerio del Ambiente realizaron este mi\u00e9rcoles 24 de septiembre del 2014 una inspecci\u00f3n t\u00e9cnica en el Bloque 16 en respuesta a un derrame notificado por REPSOL. El evento se suscit\u00f3 en el kil\u00f3metro 108 de la l\u00ednea de flujo que traslada agua de&hellip; <a href=\"https:\/\/www.ambienteyenergia.gob.ec\/ambiente\/mae-realizo-inspeccion-de-un-derrame-menor-en-el-bloque-16\/\">Read more &rarr;<\/a><\/p>\n","protected":false},"author":13,"featured_media":22352,"comment_status":"open","ping_status":"open","sticky":false,"template":"","format":"standard","meta":{"footnotes":""},"categories":[16,4],"tags":[387],"class_list":["post-22642","post","type-post","status-publish","format-standard","has-post-thumbnail","hentry","category-comunicamos","category-noticias","tag-mae-lorena-tapia","xfolkentry"],"_links":{"self":[{"href":"https:\/\/www.ambienteyenergia.gob.ec\/ambiente\/wp-json\/wp\/v2\/posts\/22642","targetHints":{"allow":["GET"]}}],"collection":[{"href":"https:\/\/www.ambienteyenergia.gob.ec\/ambiente\/wp-json\/wp\/v2\/posts"}],"about":[{"href":"https:\/\/www.ambienteyenergia.gob.ec\/ambiente\/wp-json\/wp\/v2\/types\/post"}],"author":[{"embeddable":true,"href":"https:\/\/www.ambienteyenergia.gob.ec\/ambiente\/wp-json\/wp\/v2\/users\/13"}],"replies":[{"embeddable":true,"href":"https:\/\/www.ambienteyenergia.gob.ec\/ambiente\/wp-json\/wp\/v2\/comments?post=22642"}],"version-history":[{"count":0,"href":"https:\/\/www.ambienteyenergia.gob.ec\/ambiente\/wp-json\/wp\/v2\/posts\/22642\/revisions"}],"wp:featuredmedia":[{"embeddable":true,"href":"https:\/\/www.ambienteyenergia.gob.ec\/ambiente\/wp-json\/wp\/v2\/media\/22352"}],"wp:attachment":[{"href":"https:\/\/www.ambienteyenergia.gob.ec\/ambiente\/wp-json\/wp\/v2\/media?parent=22642"}],"wp:term":[{"taxonomy":"category","embeddable":true,"href":"https:\/\/www.ambienteyenergia.gob.ec\/ambiente\/wp-json\/wp\/v2\/categories?post=22642"},{"taxonomy":"post_tag","embeddable":true,"href":"https:\/\/www.ambienteyenergia.gob.ec\/ambiente\/wp-json\/wp\/v2\/tags?post=22642"}],"curies":[{"name":"wp","href":"https:\/\/api.w.org\/{rel}","templated":true}]}}