{"id":22636,"date":"2014-09-26T16:25:27","date_gmt":"2014-09-26T21:25:27","guid":{"rendered":"http:\/\/www.ambiente.gob.ec\/?p=22636"},"modified":"2014-09-26T16:25:27","modified_gmt":"2014-09-26T21:25:27","slug":"mae-realizo-el-1er-simposio-nacional-sobre-trafico-de-vida-silvestre","status":"publish","type":"post","link":"https:\/\/www.ambienteyenergia.gob.ec\/ambiente\/mae-realizo-el-1er-simposio-nacional-sobre-trafico-de-vida-silvestre\/","title":{"rendered":"MAE realiz\u00f3 el 1er Simposio Nacional sobre Tr\u00e1fico de Vida Silvestre"},"content":{"rendered":"<p style=\"text-align: justify;\">Hoy, se realiz\u00f3 1<sup>er<\/sup> Simposio Nacional sobre Tr\u00e1fico de Vida Silvestre, un evento organizado por el Ministerio del Ambiente del Ecuador (MAE), a trav\u00e9s de la Direcci\u00f3n Nacional de Biodiversidad, con la finalidad de intercambiar ideas, experiencias y conocimientos con los diferentes actores que se encuentren vinculados a temas de conflicto ambiental y conservaci\u00f3n de vida silvestre.<\/p>\n<p style=\"text-align: justify;\">\n<p style=\"text-align: justify;\">Durante esta jornada, se trataron temas como tr\u00e1fico de vida silvestre (flora y fauna) en la regi\u00f3n, cifras, delitos Ambientales bajo el nuevo C\u00f3digo Penal, Derechos de la naturaleza y sus implicaciones, tratamiento especializado de la fauna traficada, y gobernanza del Patrimonio Natural enfocada al control de tr\u00e1fico de vida silvestre, entre otros.<\/p>\n<p style=\"text-align: justify;\">\n<p style=\"text-align: justify;\">Sobre la \u00faltima tem\u00e1tica, Francisco Prieto, Subsecretario de Patrimonio Natural del MAE dio a conocer las acciones que realiza esta Cartera de Estado y explic\u00f3 las generalidades del tr\u00e1fico ilegal de vida silvestre.<\/p>\n<p style=\"text-align: justify;\">\n<p style=\"text-align: justify;\">Prieto se\u00f1al\u00f3 que las causas de la extinci\u00f3n de algunas especies son la p\u00e9rdida de h\u00e1bitat, cosecha no sostenible, tr\u00e1fico ilegal, contaminaci\u00f3n, introducci\u00f3n de especies invasoras, cambio clim\u00e1tico y proyectos a gran escala, entre otros.<\/p>\n<p style=\"text-align: justify;\">Asimismo, indic\u00f3 que actualmente, el MAE trabaja en el Control de tr\u00e1fico de vida silvestre, a trav\u00e9s de ejes como el decomiso, rescate, rehabilitaci\u00f3n y reintroducci\u00f3n. Finalmente, resalt\u00f3 que para 2030, \u201cel Ecuador se ha planteado como meta nacional, la preservaci\u00f3n de todas las especies consideradas en peligro de extinci\u00f3n, y la conservaci\u00f3n de la biodiversidad en cada nivel\u201d.<\/p>\n<p style=\"text-align: justify;\">En la ponencia \u201cEcuador: Tr\u00e1fico de vida silvestre en cifras\u201d, Karen Noboa, de la Unidad de Vida Silvestre del MAE, habl\u00f3 sobre los registros e informaci\u00f3n que ha levantado esta Cartera de Estado. Indic\u00f3, por ejemplo que de 2003 a 2013 entre los espec\u00edmenes m\u00e1s traficados se encuentran las chaparas, tortugas motelo, y boa matacaballo.<\/p>\n<p style=\"text-align: justify;\">Este problema seg\u00fan la ONU, es el tercer tipo de tr\u00e1fico m\u00e1s grande del mundo, luego de las drogas y armas. En ese sentido, resalt\u00f3 que el pa\u00eds ha dado un gran paso porque la normativa vigente permite sancionar esta pr\u00e1ctica.<\/p>\n<p style=\"text-align: justify;\">Luego de las diferentes intervenciones, los asistentes tuvieron la oportunidad de aclarar dudas en la ronda de preguntas. Para clausurar este importante espacio de debate, se realiz\u00f3 una mesa redonda con el tema: visi\u00f3n interinstitucional del tr\u00e1fico ilegal de vida silvestre.<\/p>\n<p style=\"text-align: justify;\">La celebraci\u00f3n de los simposios nacionales sobre Tr\u00e1fico de Vida Silvestre y Conflicto Gente\u2013 Fauna Silvestre son parte de la gesti\u00f3n del Ministerio del Ambiente para conocer y evidenciar las acciones que se efect\u00faan alrededor de la tem\u00e1tica. De esta experiencia, se espera recabar informaci\u00f3n enfocada en determinar las posibles soluciones.<\/p>\n","protected":false},"excerpt":{"rendered":"<p class=\"excerpt\">Hoy, se realiz\u00f3 1er Simposio Nacional sobre Tr\u00e1fico de Vida Silvestre, un evento organizado por el Ministerio del Ambiente del Ecuador (MAE), a trav\u00e9s de la Direcci\u00f3n Nacional de Biodiversidad, con la finalidad de intercambiar ideas, experiencias y conocimientos con los diferentes actores que se encuentren vinculados a temas de conflicto ambiental y conservaci\u00f3n de vida silvestre. Durante esta jornada,&hellip; <a href=\"https:\/\/www.ambienteyenergia.gob.ec\/ambiente\/mae-realizo-el-1er-simposio-nacional-sobre-trafico-de-vida-silvestre\/\">Read more &rarr;<\/a><\/p>\n","protected":false},"author":13,"featured_media":22637,"comment_status":"open","ping_status":"open","sticky":false,"template":"","format":"standard","meta":{"footnotes":""},"categories":[16,4],"tags":[],"class_list":["post-22636","post","type-post","status-publish","format-standard","has-post-thumbnail","hentry","category-comunicamos","category-noticias","xfolkentry"],"_links":{"self":[{"href":"https:\/\/www.ambienteyenergia.gob.ec\/ambiente\/wp-json\/wp\/v2\/posts\/22636","targetHints":{"allow":["GET"]}}],"collection":[{"href":"https:\/\/www.ambienteyenergia.gob.ec\/ambiente\/wp-json\/wp\/v2\/posts"}],"about":[{"href":"https:\/\/www.ambienteyenergia.gob.ec\/ambiente\/wp-json\/wp\/v2\/types\/post"}],"author":[{"embeddable":true,"href":"https:\/\/www.ambienteyenergia.gob.ec\/ambiente\/wp-json\/wp\/v2\/users\/13"}],"replies":[{"embeddable":true,"href":"https:\/\/www.ambienteyenergia.gob.ec\/ambiente\/wp-json\/wp\/v2\/comments?post=22636"}],"version-history":[{"count":0,"href":"https:\/\/www.ambienteyenergia.gob.ec\/ambiente\/wp-json\/wp\/v2\/posts\/22636\/revisions"}],"wp:featuredmedia":[{"embeddable":true,"href":"https:\/\/www.ambienteyenergia.gob.ec\/ambiente\/wp-json\/wp\/v2\/media\/22637"}],"wp:attachment":[{"href":"https:\/\/www.ambienteyenergia.gob.ec\/ambiente\/wp-json\/wp\/v2\/media?parent=22636"}],"wp:term":[{"taxonomy":"category","embeddable":true,"href":"https:\/\/www.ambienteyenergia.gob.ec\/ambiente\/wp-json\/wp\/v2\/categories?post=22636"},{"taxonomy":"post_tag","embeddable":true,"href":"https:\/\/www.ambienteyenergia.gob.ec\/ambiente\/wp-json\/wp\/v2\/tags?post=22636"}],"curies":[{"name":"wp","href":"https:\/\/api.w.org\/{rel}","templated":true}]}}