{"id":22625,"date":"2014-09-26T10:09:12","date_gmt":"2014-09-26T15:09:12","guid":{"rendered":"http:\/\/www.ambiente.gob.ec\/?p=22625"},"modified":"2014-09-26T10:09:12","modified_gmt":"2014-09-26T15:09:12","slug":"mae-trabaja-en-la-implementacion-de-politicas-para-la-adaptacion-y-mitigacion-del-cambio-climatico","status":"publish","type":"post","link":"https:\/\/www.ambienteyenergia.gob.ec\/ambiente\/mae-trabaja-en-la-implementacion-de-politicas-para-la-adaptacion-y-mitigacion-del-cambio-climatico\/","title":{"rendered":"MAE trabaja en la implementaci\u00f3n de pol\u00edticas para la adaptaci\u00f3n y mitigaci\u00f3n del cambio clim\u00e1tico"},"content":{"rendered":"<p class=\"Textbody\" style=\"text-align: justify;\"><span lang=\"ES-EC\">El cambio clim\u00e1tico es un problema que no puede ser resuelto ni abordado si todos los actores no se empoderan de la tem\u00e1tica, porque sus respuestas forman parte de un proceso m\u00e1s grande que abarca el desarrollo sostenible, la promoci\u00f3n de fuentes de energ\u00eda renovable, desarrollo e investigaci\u00f3n tecnol\u00f3gica para el cambio de las matrices energ\u00e9tica y productiva, a m\u00e1s del manejo sostenible de los recursos naturales y reducci\u00f3n de la pobreza.<\/span><\/p>\n<p class=\"Textbody\" style=\"text-align: justify;\">En 2012, Ecuador present\u00f3 la Estrategia Nacional de Cambio Clim\u00e1tico (ENCC), y <span lang=\"ES-MX\">durante el segundo semestre del per\u00edodo 2013, la Subsecretar\u00eda de Cambio Clim\u00e1tico inici\u00f3 el proceso de elaboraci\u00f3n de su Plan de Acci\u00f3n. Esta herramienta fundamental para la gesti\u00f3n eficiente y coordinada del cambio clim\u00e1tico en el pa\u00eds, naci\u00f3 como una nueva visi\u00f3n integral y con enfoque sectorial. El desarrollo del Plan Nacional de Cambio Clim\u00e1tico (PNCC) constituye un importante logro en la gesti\u00f3n del Ministerio del Ambiente de Ecuador (MAE) en el \u00faltimo a\u00f1o y ha significado un nutrido proceso participativo en conjunto con otras instituciones del Estado y expertos en el tema.<\/span><\/p>\n<p class=\"Textbody\" style=\"text-align: justify;\"><span lang=\"ES-EC\">El PNCC busca impulsar la transversalizaci\u00f3n de este fen\u00f3meno a nivel institucional, sectorial y territorial, logrando una acci\u00f3n integral y coordinada, tanto en mitigaci\u00f3n como en adaptaci\u00f3n, que vincule a los sectores priorizados, las autoridades territoriales y las comunidades locales.<\/span><\/p>\n<p class=\"Textbody\" style=\"text-align: justify;\"><span lang=\"ES-EC\">El Plan busca alcanzar, hasta el a\u00f1o 2017, una sociedad que gestiona de forma coordinada la acci\u00f3n frente al cambio clim\u00e1tico, apoyando el cambio de matriz productiva y energ\u00e9tica, aportando a la erradicaci\u00f3n de la pobreza, reducci\u00f3n de emisiones de Gases de Efecto Invernadero y una adaptaci\u00f3n activa a los impactos del cambio clim\u00e1tico.<\/span><\/p>\n<p class=\"Textbody\" style=\"text-align: justify;\"><span lang=\"ES-EC\">Adicionalmente, la Gu\u00eda Explicativa de Lineamientos Generales para Planes, Programas y Estrategias de Cambio Clim\u00e1tico de Gobiernos Aut\u00f3nomos Descentralizados (GAD) y la inclusi\u00f3n de consideraciones de cambio clim\u00e1tico en el proceso de actualizaci\u00f3n de los Planes de Desarrollo y Ordenamiento Territorial (PDOT) que se encuentran descritos en el Acuerdo Ministerial N\u00b0 137, facilitar\u00e1 la incorporaci\u00f3n de criterios clim\u00e1ticos dentro de la planificaci\u00f3n en territorio, y ayudar\u00e1 a coordinar de mejor manera las acciones de adaptaci\u00f3n y mitigaci\u00f3n de cambio clim\u00e1tico en el pa\u00eds. Ejemplos de este tipo de iniciativas son el Gobierno Provincial del Guayas y el Gobierno Provincial de Pichincha, a quienes el Ministerio del Ambiente aprob\u00f3 sus estrategias locales de cambio clim\u00e1tico.<\/span><\/p>\n<p class=\"Textbody\" style=\"text-align: justify;\"><span lang=\"ES-EC\">Con la socializaci\u00f3n de los lineamientos a gobiernos locales, se fomenta el fortalecimiento de capacidades para la adopci\u00f3n de medidas de mayor alcance a nivel territorial que se reflejar\u00e1n en un impacto a\u00fan mayor de la gesti\u00f3n del Ecuador en el combate del cambio clim\u00e1tico. A trav\u00e9s de este mecanismo el Ecuador se posiciona como un pa\u00eds innovador y creativo frente a las soluciones que se plantean para combatir el cambio clim\u00e1tico a nivel mundial.<\/span><\/p>\n","protected":false},"excerpt":{"rendered":"<p class=\"excerpt\">El cambio clim\u00e1tico es un problema que no puede ser resuelto ni abordado si todos los actores no se empoderan de la tem\u00e1tica, porque sus respuestas forman parte de un proceso m\u00e1s grande que abarca el desarrollo sostenible, la promoci\u00f3n de fuentes de energ\u00eda renovable, desarrollo e investigaci\u00f3n tecnol\u00f3gica para el cambio de las matrices energ\u00e9tica y productiva, a m\u00e1s&hellip; <a href=\"https:\/\/www.ambienteyenergia.gob.ec\/ambiente\/mae-trabaja-en-la-implementacion-de-politicas-para-la-adaptacion-y-mitigacion-del-cambio-climatico\/\">Read more &rarr;<\/a><\/p>\n","protected":false},"author":13,"featured_media":21477,"comment_status":"open","ping_status":"open","sticky":false,"template":"","format":"standard","meta":{"footnotes":""},"categories":[16,4],"tags":[133,387],"class_list":["post-22625","post","type-post","status-publish","format-standard","has-post-thumbnail","hentry","category-comunicamos","category-noticias","tag-cambio-climatico","tag-mae-lorena-tapia","xfolkentry"],"_links":{"self":[{"href":"https:\/\/www.ambienteyenergia.gob.ec\/ambiente\/wp-json\/wp\/v2\/posts\/22625","targetHints":{"allow":["GET"]}}],"collection":[{"href":"https:\/\/www.ambienteyenergia.gob.ec\/ambiente\/wp-json\/wp\/v2\/posts"}],"about":[{"href":"https:\/\/www.ambienteyenergia.gob.ec\/ambiente\/wp-json\/wp\/v2\/types\/post"}],"author":[{"embeddable":true,"href":"https:\/\/www.ambienteyenergia.gob.ec\/ambiente\/wp-json\/wp\/v2\/users\/13"}],"replies":[{"embeddable":true,"href":"https:\/\/www.ambienteyenergia.gob.ec\/ambiente\/wp-json\/wp\/v2\/comments?post=22625"}],"version-history":[{"count":0,"href":"https:\/\/www.ambienteyenergia.gob.ec\/ambiente\/wp-json\/wp\/v2\/posts\/22625\/revisions"}],"wp:featuredmedia":[{"embeddable":true,"href":"https:\/\/www.ambienteyenergia.gob.ec\/ambiente\/wp-json\/wp\/v2\/media\/21477"}],"wp:attachment":[{"href":"https:\/\/www.ambienteyenergia.gob.ec\/ambiente\/wp-json\/wp\/v2\/media?parent=22625"}],"wp:term":[{"taxonomy":"category","embeddable":true,"href":"https:\/\/www.ambienteyenergia.gob.ec\/ambiente\/wp-json\/wp\/v2\/categories?post=22625"},{"taxonomy":"post_tag","embeddable":true,"href":"https:\/\/www.ambienteyenergia.gob.ec\/ambiente\/wp-json\/wp\/v2\/tags?post=22625"}],"curies":[{"name":"wp","href":"https:\/\/api.w.org\/{rel}","templated":true}]}}