{"id":22617,"date":"2014-09-26T08:53:34","date_gmt":"2014-09-26T13:53:34","guid":{"rendered":"http:\/\/www.ambiente.gob.ec\/?p=22617"},"modified":"2014-09-26T08:53:34","modified_gmt":"2014-09-26T13:53:34","slug":"incendio-100-controlado-en-la-reserva-chimborazo-tras-la-activacion-del-plan-de-contingencia","status":"publish","type":"post","link":"https:\/\/www.ambienteyenergia.gob.ec\/ambiente\/incendio-100-controlado-en-la-reserva-chimborazo-tras-la-activacion-del-plan-de-contingencia\/","title":{"rendered":"Incendio 100% controlado en la Reserva Chimborazo tras la activaci\u00f3n del Plan de Contingencia"},"content":{"rendered":"<p style=\"color: #000000;\" align=\"justify\"><span style=\"font-family: 'Times New Roman', serif;\"><span style=\"font-family: Arial, serif;\">Gracias a la acci\u00f3n oportuna y la activaci\u00f3n del P<\/span><span style=\"font-family: Arial, serif;\">lan de Contingencia d<\/span><span style=\"font-family: Arial, serif;\">e Incendios Forestales<\/span><span style=\"color: #000000;\"><span style=\"font-family: Arial, serif;\">, el Ministerio del Ambiente (MAE) logr\u00f3 controlar por completo el flagelo suscitado\u00a0<\/span><\/span><span style=\"font-family: Arial, serif;\"><span id=\"OBJ_PREFIX_DWT498_com_zimbra_date\" class=\"Object\" style=\"color: #00008b;\">ayer<\/span>\u00a0<\/span><span style=\"color: #000000;\"><span style=\"font-family: Arial, serif;\">en la Cooperativa Santa Teresita de Guabug, ubicada en la parroquia San Juan del cant\u00f3n Riobamba, zona que se encuentra dentro del \u00e1rea protegida Reserva de Producci\u00f3n de Fauna Chimborazo.<\/span><\/span><\/span><\/p>\n<p style=\"color: #000000;\" align=\"justify\"><span style=\"font-family: 'Times New Roman', serif;\"><span style=\"color: #000000;\"><span style=\"font-family: Arial, serif;\">El MAE, de inmediato coordin\u00f3 acciones con las principales autoridades de la provincia y organismos de respuesta, sumando 120 personas entre\u00a0<\/span><\/span><span style=\"font-family: Arial, serif;\">personal del MAE, personal de las Fuerzas Armadas, Cuerpo de Bomberos, personal de la Secretaria de Gesti\u00f3n de Riesgos y Polic\u00eda Nacional.<\/span><\/span><\/p>\n<p style=\"color: #000000;\" align=\"justify\"><span style=\"font-family: 'Times New Roman', serif;\"><span style=\"font-family: Arial, serif;\">Para sofocar el incendio fue necesario formar grupos que se distribuyeron en el sector afectado, provistos de protectores de seguridad como mascarillas, visores, guantes y herramientas como bate fuegos palas, picos, rastrillos y machetes para apagar el fuego intenso que consum\u00eda todo a su paso.<\/span><\/span><\/p>\n<p style=\"color: #000000;\" align=\"justify\"><span style=\"font-family: 'Times New Roman', serif;\"><span style=\"font-family: Arial, serif;\">Una vez que se geor<\/span><span style=\"font-family: Arial, serif;\">r<\/span><span style=\"font-family: Arial, serif;\">eferencio el \u00e1rea afectada se determino que 186,04 hect\u00e1reas de pajonal fueron flageladas en los p\u00e1ramos de las comunidades de Santa Teresita, ubicada a una altitud de 4100 msnm. Entre las especies de flora y fauna afectada est\u00e1n\u00a0<\/span><span style=\"color: #000000;\"><span style=\"font-family: Arial, serif;\">Almoadillas (<\/span><\/span><span style=\"color: #000000;\"><span style=\"font-family: Arial, serif;\"><i>Plantago rigida<\/i><\/span><\/span><span style=\"color: #000000;\"><span style=\"font-family: Arial, serif;\">); Conejos de p\u00e1ramo y peque\u00f1os parches de \u00e1rboles nativos de la especie Yagual (<\/span><\/span><span style=\"color: #000000;\"><span style=\"font-family: Arial, serif;\"><i>Polylepis reticulata),\u00a0<\/i><\/span><\/span><span style=\"font-family: Arial, serif;\">siento la m\u00e1s afectada la\u00a0<\/span><span style=\"color: #000000;\"><span style=\"font-family: Arial, serif;\">paja de p\u00e1ramo (<\/span><\/span><span style=\"color: #000000;\"><span style=\"font-family: Arial, serif;\"><i>Calamagrostis intermedia<\/i><\/span><\/span><span style=\"color: #000000;\"><span style=\"font-family: Arial, serif;\">)<\/span><\/span><span style=\"color: #000000;\">.<\/span><\/span><\/p>\n<p lang=\"es-EC\" style=\"color: #000000;\" align=\"justify\"><span style=\"color: #000000;\"><span style=\"font-family: Arial, serif;\">En cumplimiento a lo establecido en la Ley, esta Direcci\u00f3n proceder\u00e1 con los tr\u00e1mites correspondientes ante la Fiscal\u00eda del cant\u00f3n Riobamba para establecer responsabilidades y sancionar de acuerdo al C\u00f3digo Org\u00e1nico Integral Penal.<\/span><\/span><\/p>\n<p style=\"color: #000000;\" align=\"justify\"><span style=\"font-family: Arial, serif;\"><span lang=\"es-EC\">Luego del incendio, se desarroll\u00f3 una rueda de prensa en el Sal\u00f3n de la Gobernaci\u00f3n, en el cual Magaly Oviedo, Directora Provincial del Ambiente de Chimborazo explic\u00f3 a\u00a0<\/span><\/span><span style=\"font-family: Arial, serif;\">los diferentes medios de comunicaci\u00f3n\u00a0<\/span><span style=\"font-family: Arial, serif;\"><span lang=\"es-EC\">las acciones realizadas por el MAE para controlar el flagelo en el \u00e1rea protegida, adem\u00e1s\u00a0<\/span><\/span><span style=\"font-family: Arial, serif;\">estimul\u00f3 a la ciudadan\u00eda e instituciones a continuar con el trabajar en equipo para evitar otros posibles flagelos en la provincia.<\/span><\/p>\n","protected":false},"excerpt":{"rendered":"<p class=\"excerpt\">Gracias a la acci\u00f3n oportuna y la activaci\u00f3n del Plan de Contingencia de Incendios Forestales, el Ministerio del Ambiente (MAE) logr\u00f3 controlar por completo el flagelo suscitado\u00a0ayer\u00a0en la Cooperativa Santa Teresita de Guabug, ubicada en la parroquia San Juan del cant\u00f3n Riobamba, zona que se encuentra dentro del \u00e1rea protegida Reserva de Producci\u00f3n de Fauna Chimborazo. El MAE, de inmediato&hellip; <a href=\"https:\/\/www.ambienteyenergia.gob.ec\/ambiente\/incendio-100-controlado-en-la-reserva-chimborazo-tras-la-activacion-del-plan-de-contingencia\/\">Read more &rarr;<\/a><\/p>\n","protected":false},"author":13,"featured_media":22621,"comment_status":"open","ping_status":"open","sticky":false,"template":"","format":"standard","meta":{"footnotes":""},"categories":[16,4],"tags":[387],"class_list":["post-22617","post","type-post","status-publish","format-standard","has-post-thumbnail","hentry","category-comunicamos","category-noticias","tag-mae-lorena-tapia","xfolkentry"],"_links":{"self":[{"href":"https:\/\/www.ambienteyenergia.gob.ec\/ambiente\/wp-json\/wp\/v2\/posts\/22617","targetHints":{"allow":["GET"]}}],"collection":[{"href":"https:\/\/www.ambienteyenergia.gob.ec\/ambiente\/wp-json\/wp\/v2\/posts"}],"about":[{"href":"https:\/\/www.ambienteyenergia.gob.ec\/ambiente\/wp-json\/wp\/v2\/types\/post"}],"author":[{"embeddable":true,"href":"https:\/\/www.ambienteyenergia.gob.ec\/ambiente\/wp-json\/wp\/v2\/users\/13"}],"replies":[{"embeddable":true,"href":"https:\/\/www.ambienteyenergia.gob.ec\/ambiente\/wp-json\/wp\/v2\/comments?post=22617"}],"version-history":[{"count":0,"href":"https:\/\/www.ambienteyenergia.gob.ec\/ambiente\/wp-json\/wp\/v2\/posts\/22617\/revisions"}],"wp:featuredmedia":[{"embeddable":true,"href":"https:\/\/www.ambienteyenergia.gob.ec\/ambiente\/wp-json\/wp\/v2\/media\/22621"}],"wp:attachment":[{"href":"https:\/\/www.ambienteyenergia.gob.ec\/ambiente\/wp-json\/wp\/v2\/media?parent=22617"}],"wp:term":[{"taxonomy":"category","embeddable":true,"href":"https:\/\/www.ambienteyenergia.gob.ec\/ambiente\/wp-json\/wp\/v2\/categories?post=22617"},{"taxonomy":"post_tag","embeddable":true,"href":"https:\/\/www.ambienteyenergia.gob.ec\/ambiente\/wp-json\/wp\/v2\/tags?post=22617"}],"curies":[{"name":"wp","href":"https:\/\/api.w.org\/{rel}","templated":true}]}}