{"id":22613,"date":"2014-09-26T08:28:34","date_gmt":"2014-09-26T13:28:34","guid":{"rendered":"http:\/\/www.ambiente.gob.ec\/?p=22613"},"modified":"2014-09-26T08:28:34","modified_gmt":"2014-09-26T13:28:34","slug":"mae-avanza-en-acciones-concretas-para-remediacion-de-estero-salado","status":"publish","type":"post","link":"https:\/\/www.ambienteyenergia.gob.ec\/ambiente\/mae-avanza-en-acciones-concretas-para-remediacion-de-estero-salado\/","title":{"rendered":"MAE avanza en acciones concretas para remediaci\u00f3n de Estero Salado"},"content":{"rendered":"<p class=\"western\" lang=\"es-ES\" style=\"color: #000000;\" align=\"justify\"><span style=\"font-family: Arial, serif;\"><i>Desde el pasado mes de junio el Ramal de Palanqueado, Estero Salado, est\u00e1 en proceso de recuperaci\u00f3n de sedimentos.<\/i><\/span><\/p>\n<p class=\"western\" lang=\"es-ES\" style=\"color: #000000;\" align=\"justify\"><span style=\"font-family: Arial, serif;\">A\u00a0<\/span><span style=\"font-family: Arial, serif;\">trav\u00e9s de diferentes iniciativas, el Ministerio del Ambiente de Ecuador (MAE)\u00a0<\/span><span style=\"font-family: Arial, serif;\">busca consolidar\u00a0<\/span><span style=\"font-family: Arial, serif;\">el proceso de descontaminaci\u00f3n y remediaci\u00f3n del Estero Saldo, promoviendo actividades de educaci\u00f3n ambiental, dirigido a familias que habitan en los sectores de influencia de este estuario y estudiantes de escuelas y colegios.<\/span><\/p>\n<p class=\"western\" lang=\"es-ES\" style=\"color: #000000;\" align=\"justify\">Adicionalmente, personal t\u00e9cnico de esta Cartera de Estado ha realizado un constante monitoreo al sector industrial que se ubica en las cuencas que convergen con el Estero Salado, debido a la mala gesti\u00f3n de descargas de aguas residuales, que no cuentan con un sistema de distribuci\u00f3n, disposici\u00f3n final y tratamiento.<\/p>\n<p class=\"western\" lang=\"es-ES\" style=\"color: #000000;\" align=\"justify\"><span style=\"font-family: Arial, serif;\">Por otro lado, se han realizados\u00a0<\/span><span style=\"font-family: Arial, serif;\">diversos<\/span><span style=\"font-family: Arial, serif;\">\u00a0estudios de factibilidad\u00a0<\/span><span style=\"font-family: Arial, serif;\">en 500m<\/span><sup><span style=\"font-family: Arial, serif;\">3<\/span><\/sup><span style=\"font-family: Arial, serif;\">\u00a0de<\/span><span style=\"font-family: Arial, serif;\">\u00a0sedimentos contaminados, principalmente del Ramal de Palanqueado, con el fin de determinar la respuesta de la t\u00e9cnica de\u00a0<\/span><span style=\"font-family: Arial, serif;\">distorsi\u00f3n<\/span><span style=\"font-family: Arial, serif;\">\u00a0por ultrasonido;\u00a0<\/span><span style=\"font-family: Arial, serif;\">una de las posibles soluciones a utilizar en el proceso de remediaci\u00f3n del Estero en su totalidad.<\/span><\/p>\n<p class=\"western\" lang=\"es-ES\" style=\"color: #000000;\" align=\"justify\"><span style=\"font-family: Arial, serif;\">Adicionalmente se logr\u00f3 la obtenci\u00f3n de muestras\u00a0<\/span><span style=\"font-family: Arial, serif;\">para ser analizadas\u00a0<\/span><span style=\"font-family: Arial, serif;\">en Francia, a cargo de la empresa Insavalor \u2013 Provademse, que adem\u00e1s\u00a0<\/span><span style=\"font-family: Arial, serif;\">probar\u00e1 distintas t\u00e9cnicas de remediaci\u00f3n que\u00a0<\/span><span style=\"font-family: Arial, serif;\">podr\u00e1n ser a<\/span><span style=\"font-family: Arial, serif;\">plicadas\u00a0<\/span><span style=\"font-family: Arial, serif;\">en el proceso de descontaminaci\u00f3n<\/span><span style=\"font-family: Arial, serif;\">.<\/span><\/p>\n<p class=\"western\" lang=\"es-ES\" style=\"color: #000000;\" align=\"justify\">Todo esto se suma al plan de sanciones, presentado el pasado mes de mayo, en el marco de cumplimiento de Nuevo Codigo Penal Integral, que menciona en su art\u00edculo 607, literal d: \u201cser\u00e1 sancionada con prisi\u00f3n de cinco a siete d\u00edas, y multa de $44 a $88, todo aquel que arroje desperdicios o aguas contaminantes, destruya la vegetaci\u00f3n de los parques o espacios verdes, en los casos en que tales actos no constituyan delito\u201d.<\/p>\n<p class=\"western\" lang=\"es-ES\" style=\"color: #000000;\" align=\"justify\">\u201c<span style=\"font-family: Arial, serif;\">Hasta la fecha, la Direcci\u00f3n Provincial del Ambiente del Guayas ha iniciado cerca de 123 procesos administrativos, con el objetivo de sancionar a aquellas empresas que no cumplen con un plan de manejo ambiental adecuado, a m\u00e1s de las que\u00a0<\/span><span style=\"font-family: Arial, serif;\">han presentado anomal\u00edas en la gesti\u00f3n de sus residuos\u201d,\u00a0<\/span><span style=\"font-family: Arial, serif;\">recalca la Ministra del Ambiente, Lorena Tapia.<\/span><\/p>\n<p class=\"western\" lang=\"es-ES\" style=\"color: #000000;\" align=\"justify\"><span style=\"font-family: Arial, serif;\">Agrega que e<\/span><span style=\"font-family: Arial, serif;\">l\u00a0<\/span><span style=\"font-family: Arial, serif;\">Proyecto Guayaquil Ecol\u00f3gico \u2013 Componente Estero Salado busca recuperar 20 kil\u00f3metros de ramales internos del Estero Salado,\u00a0<\/span><span style=\"font-family: Arial, serif;\">hasta finales de 2015, lo cual\u00a0<\/span><span style=\"font-family: Arial, serif;\">beneficia<\/span><span style=\"font-family: Arial, serif;\">r\u00e1<\/span><span style=\"font-family: Arial, serif;\">\u00a0a m\u00e1s de 650 000 habitantes.<\/span><\/p>\n<p class=\"western\" lang=\"es-ES\" style=\"color: #000000;\" align=\"justify\"><span style=\"font-family: Arial, serif;\">La segunda etapa de remediaci\u00f3n contempla la rehabilitaci\u00f3n de<\/span><span style=\"font-family: Arial, serif;\">l Ramal de las Ranas,\u00a0<\/span><span style=\"font-family: Arial, serif;\">que iniciar\u00e1 con el proceso de conexi\u00f3n de 816 predios al sistema de alcantarillado p\u00fablico, a cargo de la empresa Interagua, con lo cual se espera in<\/span><span style=\"font-family: Arial, serif;\">i<\/span><span style=\"font-family: Arial, serif;\">ciar con un proceso de recuperaci\u00f3n acelerada, tomando en consideraci\u00f3n que la fuente m\u00e1s importante de contaminaci\u00f3n ser\u00e1 controlada.<\/span><\/p>\n<p class=\"western\" lang=\"es-ES\" style=\"color: #000000;\" align=\"justify\"><b>Causas de Contaminaci\u00f3n<\/b><\/p>\n<p class=\"western\" lang=\"es-ES\" style=\"color: #000000;\" align=\"justify\">Una vez realizados los an\u00e1lisis de sedimentos en el Estero Salado, por laboratorios certificados, se logr\u00f3 determinar las principales causas de contaminaci\u00f3n que afecta a este importante brazo de\u00a0<span id=\"OBJ_PREFIX_DWT275_com_zimbra_date\" class=\"Object\" style=\"color: #00008b;\">mar<\/span>.<\/p>\n<ul style=\"color: #000000;\">\n<li>\n<p class=\"western\" lang=\"es-ES\" align=\"justify\"><span style=\"font-family: Arial, serif;\">La descarga de aguas s<\/span><span style=\"font-family: Arial, serif;\">ervidas<\/span><span style=\"font-family: Arial, serif;\">, de manera directa o a trav\u00e9s de los ductos de aguas lluvias, representa la principal causa de contaminas, debido en parte<\/span><span style=\"font-family: Arial, serif;\">\u00a0a la falta de un sistema de alcantarillado sanitario que abarque la totalidad de viviendas en la ciudad.<\/span><\/p>\n<\/li>\n<li>\n<p class=\"western\" lang=\"es-ES\" align=\"justify\"><a name=\"DWT30351\"><\/a><span style=\"font-family: Arial, serif;\">La d<\/span><span style=\"font-family: Arial, serif;\">escargas ilegales de\u00a0<\/span><span style=\"font-family: Arial, serif;\">aguas residuales de\u00a0<\/span><span style=\"font-family: Arial, serif;\">las industrias,\u00a0<\/span><span style=\"font-family: Arial, serif;\">al no contar con sistemas de tratamiento de aguas residuales, el nivel de contaminaci\u00f3n\u00a0<\/span><span style=\"font-family: Arial, serif;\">sobrepas<\/span><span style=\"font-family: Arial, serif;\">a<\/span><span style=\"font-family: Arial, serif;\">\u00a0la norma requerida en el libro Texto Unificado de Legislaci\u00f3n Ambiental (TULAS).<\/span><\/p>\n<\/li>\n<li>\n<p class=\"western\" lang=\"es-ES\" align=\"justify\"><span style=\"font-family: Arial, serif;\">La mala gesti\u00f3n de los desechos s\u00f3lidos en las riveras del Ester<\/span><span style=\"font-family: Arial, serif;\">o.<\/span><\/p>\n<\/li>\n<\/ul>\n","protected":false},"excerpt":{"rendered":"<p class=\"excerpt\">Desde el pasado mes de junio el Ramal de Palanqueado, Estero Salado, est\u00e1 en proceso de recuperaci\u00f3n de sedimentos. A\u00a0trav\u00e9s de diferentes iniciativas, el Ministerio del Ambiente de Ecuador (MAE)\u00a0busca consolidar\u00a0el proceso de descontaminaci\u00f3n y remediaci\u00f3n del Estero Saldo, promoviendo actividades de educaci\u00f3n ambiental, dirigido a familias que habitan en los sectores de influencia de este estuario y estudiantes de&hellip; <a href=\"https:\/\/www.ambienteyenergia.gob.ec\/ambiente\/mae-avanza-en-acciones-concretas-para-remediacion-de-estero-salado\/\">Read more &rarr;<\/a><\/p>\n","protected":false},"author":13,"featured_media":16657,"comment_status":"open","ping_status":"open","sticky":false,"template":"","format":"standard","meta":{"footnotes":""},"categories":[16,4],"tags":[76,107,387],"class_list":["post-22613","post","type-post","status-publish","format-standard","has-post-thumbnail","hentry","category-comunicamos","category-noticias","tag-estero-salado","tag-guayaquil-ecologico","tag-mae-lorena-tapia","xfolkentry"],"_links":{"self":[{"href":"https:\/\/www.ambienteyenergia.gob.ec\/ambiente\/wp-json\/wp\/v2\/posts\/22613","targetHints":{"allow":["GET"]}}],"collection":[{"href":"https:\/\/www.ambienteyenergia.gob.ec\/ambiente\/wp-json\/wp\/v2\/posts"}],"about":[{"href":"https:\/\/www.ambienteyenergia.gob.ec\/ambiente\/wp-json\/wp\/v2\/types\/post"}],"author":[{"embeddable":true,"href":"https:\/\/www.ambienteyenergia.gob.ec\/ambiente\/wp-json\/wp\/v2\/users\/13"}],"replies":[{"embeddable":true,"href":"https:\/\/www.ambienteyenergia.gob.ec\/ambiente\/wp-json\/wp\/v2\/comments?post=22613"}],"version-history":[{"count":0,"href":"https:\/\/www.ambienteyenergia.gob.ec\/ambiente\/wp-json\/wp\/v2\/posts\/22613\/revisions"}],"wp:featuredmedia":[{"embeddable":true,"href":"https:\/\/www.ambienteyenergia.gob.ec\/ambiente\/wp-json\/wp\/v2\/media\/16657"}],"wp:attachment":[{"href":"https:\/\/www.ambienteyenergia.gob.ec\/ambiente\/wp-json\/wp\/v2\/media?parent=22613"}],"wp:term":[{"taxonomy":"category","embeddable":true,"href":"https:\/\/www.ambienteyenergia.gob.ec\/ambiente\/wp-json\/wp\/v2\/categories?post=22613"},{"taxonomy":"post_tag","embeddable":true,"href":"https:\/\/www.ambienteyenergia.gob.ec\/ambiente\/wp-json\/wp\/v2\/tags?post=22613"}],"curies":[{"name":"wp","href":"https:\/\/api.w.org\/{rel}","templated":true}]}}