{"id":22607,"date":"2014-09-25T16:48:46","date_gmt":"2014-09-25T21:48:46","guid":{"rendered":"http:\/\/www.ambiente.gob.ec\/?p=22607"},"modified":"2014-09-25T16:48:46","modified_gmt":"2014-09-25T21:48:46","slug":"mae-celebro-el-1er-simposio-nacional-sobre-conflicto-gente-fauna-silvestre","status":"publish","type":"post","link":"https:\/\/www.ambienteyenergia.gob.ec\/ambiente\/mae-celebro-el-1er-simposio-nacional-sobre-conflicto-gente-fauna-silvestre\/","title":{"rendered":"MAE celebr\u00f3 el 1er Simposio Nacional sobre Conflicto Gente \u2013 Fauna Silvestre"},"content":{"rendered":"<p style=\"text-align: justify;\">Hoy, el Ministerio del Ambiente del Ecuador (MAE), a trav\u00e9s de la Direcci\u00f3n Nacional de Biodiversidad, realiz\u00f3\u00a0 el 1<sup>er<\/sup> Simposio Nacional sobre Conflicto Gente\u2013 Fauna Silvestre, en la ciudad de Quito, con el fin de contribuir a la creaci\u00f3n de espacios de discusi\u00f3n e intercambio de experiencias sobre vida silvestre.<\/p>\n<p style=\"text-align: justify;\">Francisco Prieto, Subsecretario de Patrimonio Natural del MAE, dio la bienvenida a los participantes, e inaugur\u00f3 el evento en nombre de la Ministra del Ambiente Lorena Tapia. Durante su intervenci\u00f3n, resalt\u00f3 todos los avances de la pol\u00edtica\u00a0 y acciones ambientales enfocadas en el desarrollo equilibrado y la conservaci\u00f3n en Ecuador.<\/p>\n<p style=\"text-align: justify;\">\u201cHace m\u00e1s de 30 a\u00f1os inici\u00f3 el debate sobre la tem\u00e1tica que hoy nos convoca. Nuestro pa\u00eds ha trabajo mucho, una muestra clara de ello es que la Constituci\u00f3n del Ecuador es la primera en el mundo en reconocer los Derechos de la Naturaleza. Adem\u00e1s, se ha planteado como meta nacional, la preservaci\u00f3n de todas las especies en peligro hasta 2030\u201d.<\/p>\n<p style=\"text-align: justify;\">Asimismo, recalc\u00f3 que el MAE, como M\u00e1ximo Organismo Rector Ambiental del pa\u00eds, trabaja en coordinaci\u00f3n con los actores involucrados. \u201cEl simposio es un espacio fundamental para el intercambio de experiencias e ideas con la academia, organizaciones no gubernamentales (ONG), Asociaciones y cooperaci\u00f3n Internacional, entre otros\u201d.<\/p>\n<p style=\"text-align: justify;\">Para continuar con la agenda del d\u00eda, V\u00edctor Utreras del MAE-PNUD present\u00f3 los objetivos y lineamientos del Proyecto \u201cDesarrollo de Enfoque de Manejo de Paisajes en el Sistema Nacional de \u00c1reas Protegidas\u00a0 del Ecuador para mejorar la Conservaci\u00f3n de la Vida Silvestre en Peligro de Extinci\u00f3n Mundial\u201d.<\/p>\n<p style=\"text-align: justify;\">Durante su ponencia, Utreras se\u00f1al\u00f3 que debido a que Ecuador es uno de los pa\u00edses m\u00e1s megadiversos de mundo y que ocupa los primeros lugares en cuanto a endemismo, este proyecto tiene la finalidad de incorporar la estrategia de conservaci\u00f3n de las \u00e1reas protegidas con el aspecto social. Es decir, lograr que exista armon\u00eda entre la conservaci\u00f3n y el desarrollo de las poblaciones.<\/p>\n<p style=\"text-align: justify;\">Galo Zapata de Wildlife Conservation Society (WCS) explic\u00f3 los aspectos generales del conflicto gente- fauna silvestre.\u00a0\u00a0 Seg\u00fan indic\u00f3 esta problem\u00e1tica se refiere \u00a0\u00a0a \u201ccualquier interacci\u00f3n entre personas y animales que resulta en impactos negativos en la conservaciones de especies y sus h\u00e1bitats o en las poblaciones\u201d.<\/p>\n<p style=\"text-align: justify;\">Zapata se\u00f1al\u00f3 el crecimiento poblacional de personas, la\u00a0 destrucci\u00f3n de h\u00e1bitats por ganader\u00eda, agricultura a gran escala, tala de \u00e1rboles y el cambio clim\u00e1tico son las principales causas del conflicto.<\/p>\n<p style=\"text-align: justify;\">Adem\u00e1s de las acciones que ha realizado el MAE alrededor de la problem\u00e1tica, durante este jornada que inici\u00f3 a las 9:00 y finaliz\u00f3 a las 17:00 se trataron temas como Alternativas econ\u00f3micas enfocadas al manejo sostenible de la vida silvestre &#8211; Animales ferales vs animales silvestres, Alternativas con productos forestales no maderables, entre otros.<\/p>\n<p style=\"text-align: justify;\">Con este simposio el MAE espera crear espacios de intercambio de experiencias y conocimientos de los diferentes actores que se encuentren vinculados a temas de conflicto ambiental y conservaci\u00f3n de vida silvestre.<\/p>\n","protected":false},"excerpt":{"rendered":"<p class=\"excerpt\">Hoy, el Ministerio del Ambiente del Ecuador (MAE), a trav\u00e9s de la Direcci\u00f3n Nacional de Biodiversidad, realiz\u00f3\u00a0 el 1er Simposio Nacional sobre Conflicto Gente\u2013 Fauna Silvestre, en la ciudad de Quito, con el fin de contribuir a la creaci\u00f3n de espacios de discusi\u00f3n e intercambio de experiencias sobre vida silvestre. Francisco Prieto, Subsecretario de Patrimonio Natural del MAE, dio la&hellip; <a href=\"https:\/\/www.ambienteyenergia.gob.ec\/ambiente\/mae-celebro-el-1er-simposio-nacional-sobre-conflicto-gente-fauna-silvestre\/\">Read more &rarr;<\/a><\/p>\n","protected":false},"author":13,"featured_media":22608,"comment_status":"open","ping_status":"open","sticky":false,"template":"","format":"standard","meta":{"footnotes":""},"categories":[16,4],"tags":[387],"class_list":["post-22607","post","type-post","status-publish","format-standard","has-post-thumbnail","hentry","category-comunicamos","category-noticias","tag-mae-lorena-tapia","xfolkentry"],"_links":{"self":[{"href":"https:\/\/www.ambienteyenergia.gob.ec\/ambiente\/wp-json\/wp\/v2\/posts\/22607","targetHints":{"allow":["GET"]}}],"collection":[{"href":"https:\/\/www.ambienteyenergia.gob.ec\/ambiente\/wp-json\/wp\/v2\/posts"}],"about":[{"href":"https:\/\/www.ambienteyenergia.gob.ec\/ambiente\/wp-json\/wp\/v2\/types\/post"}],"author":[{"embeddable":true,"href":"https:\/\/www.ambienteyenergia.gob.ec\/ambiente\/wp-json\/wp\/v2\/users\/13"}],"replies":[{"embeddable":true,"href":"https:\/\/www.ambienteyenergia.gob.ec\/ambiente\/wp-json\/wp\/v2\/comments?post=22607"}],"version-history":[{"count":0,"href":"https:\/\/www.ambienteyenergia.gob.ec\/ambiente\/wp-json\/wp\/v2\/posts\/22607\/revisions"}],"wp:featuredmedia":[{"embeddable":true,"href":"https:\/\/www.ambienteyenergia.gob.ec\/ambiente\/wp-json\/wp\/v2\/media\/22608"}],"wp:attachment":[{"href":"https:\/\/www.ambienteyenergia.gob.ec\/ambiente\/wp-json\/wp\/v2\/media?parent=22607"}],"wp:term":[{"taxonomy":"category","embeddable":true,"href":"https:\/\/www.ambienteyenergia.gob.ec\/ambiente\/wp-json\/wp\/v2\/categories?post=22607"},{"taxonomy":"post_tag","embeddable":true,"href":"https:\/\/www.ambienteyenergia.gob.ec\/ambiente\/wp-json\/wp\/v2\/tags?post=22607"}],"curies":[{"name":"wp","href":"https:\/\/api.w.org\/{rel}","templated":true}]}}